{"id":18018,"date":"2021-09-03T09:36:29","date_gmt":"2021-09-03T14:36:29","guid":{"rendered":"https:\/\/encuentroinformativo.com.mx\/?p=18018"},"modified":"2021-09-03T09:36:33","modified_gmt":"2021-09-03T14:36:33","slug":"tava-pelea-curul","status":"publish","type":"post","link":"https:\/\/encuentroinformativo.com.mx\/?p=18018","title":{"rendered":"\u00a1Tava pelea curul!"},"content":{"rendered":"\n<p><strong>Los Pol\u00edticos<\/strong><\/p>\n\n\n\n<p><strong>Salvador Mu\u00f1oz<\/strong><\/p>\n\n\n\n<p>Javier Herrera Borunda, sin querer, sigue dando de qu\u00e9 hablar\u2026 en s\u00ed, no tanto \u00e9l como su caso, pero se personifica.<\/p>\n\n\n\n<p>La raz\u00f3n para que se mantenga vigente el caso Javier Herrera ahora son dos diputadas federales del Partido Verde Ecologista de M\u00e9xico y una aspirante a serlo.<\/p>\n\n\n\n<p>Nos referimos a Laura Lynn Fern\u00e1ndez Pi\u00f1a y Santy Montemayor Castillo, as\u00ed como Tava Ortega Arteaga, respectivamente.<\/p>\n\n\n\n<p>Ocurre que la nativa de P\u00e1nuco, Tava Ortega, se fue a la Sala Superior del Tribunal Electoral del Poder Judicial de la Federaci\u00f3n pues considera que la curul que se le quit\u00f3 a Javier Herrera Borunda, por prelaci\u00f3n, debi\u00f3 ser entregada a ella y no a Santy.<\/p>\n\n\n\n<p>Las razones que expone en su manifestaci\u00f3n, se desglosan as\u00ed:<\/p>\n\n\n\n<p>Laura Lynn Fern\u00e1ndez Pi\u00f1a y Santy Montemayor fueron propietaria y suplente respectivamente por una curul en Quintana Roo tanto por Mayor\u00eda Relativa como Proporcional, siendo n\u00famero 5 en la lista correspondiente a la Circunscripci\u00f3n 3. Tava Ortega est\u00e1 en dicha lista como n\u00famero 7.<\/p>\n\n\n\n<p>El asunto es que cuando a Javier Herrera, n\u00famero 4 en la lista, lo chispan de la curul atendiendo la Paridad, el Tribunal cede el lugar a Fern\u00e1ndez Pi\u00f1a, sin considerar que su f\u00f3rmula ya hab\u00eda obtenido el cargo de diputada federal por principio de Mayor\u00eda relativa en el distrito electoral federal 4 de Quintana Roo. La l\u00f3gica te dice que si gana por votos, \u00a1ni modo que la contemplen como Pluri!<\/p>\n\n\n\n<p>Nadie se pelea que haya doble registro, pero en el caso de Laura Lynn, al rendir protesta como diputada, la asignaci\u00f3n por representaci\u00f3n proporcional la pierde.<\/p>\n\n\n\n<p>Es ah\u00ed donde espera Tava Ortega que se considere la f\u00f3rmula siguiente, la de ella junto con Altagracia P\u00e9rez Texco, como suplente y por ello, la de P\u00e1nuco bien considera que hay lugar para que el Tribunal resuelva esta contradicci\u00f3n, ambig\u00fcedad, oscuridad, deficiencia, omisi\u00f3n o errores simples o de redacci\u00f3n en la sentencia que le dio a Santy Montemayor, esa curul.<\/p>\n\n\n\n<p>Ojo, porque tambi\u00e9n hay lugar a que en un momento dado, el Partido Verde Ecologista de M\u00e9xico pierda una curul si en un momento dado, faltara la diputada por Mayor\u00eda, Laura Lynn o la diputada Pluri, Santy Montemayor\u2026 \u00a1porque ninguna de las dos tiene suplente!<\/p>\n\n\n\n<p>Habr\u00e1 que ver la resoluci\u00f3n que se le d\u00e9 al reclamo de Tava Ortega, que a simple vista, luce l\u00f3gico, por cualquier lado que se le vea\u2026 quien quita, y en una de \u00e9sas, \u00a1le pega al gordo y habemus Diputada!<\/p>\n\n\n\n<p><a>smcainito@gmail.com<\/a><\/p>\n","protected":false},"excerpt":{"rendered":"<p>Los Pol\u00edticos Salvador Mu\u00f1oz Javier Herrera Borunda, sin querer, sigue dando de qu\u00e9 hablar\u2026 en s\u00ed, no tanto \u00e9l como su caso, pero se personifica. La raz\u00f3n para que se mantenga vigente el caso Javier Herrera ahora son dos diputadas federales del Partido Verde Ecologista de M\u00e9xico y una aspirante a serlo. Nos referimos a [&hellip;]<\/p>\n","protected":false},"author":1,"featured_media":387,"comment_status":"open","ping_status":"open","sticky":false,"template":"","format":"standard","meta":{"_jetpack_memberships_contains_paid_content":false,"footnotes":""},"categories":[11],"tags":[],"class_list":["post-18018","post","type-post","status-publish","format-standard","has-post-thumbnail","hentry","category-opinion"],"jetpack_featured_media_url":"https:\/\/encuentroinformativo.com.mx\/wp-content\/uploads\/2020\/03\/7CF8A22B-2764-47BE-8F7F-38FE9E5D6A2F.jpeg","jetpack_sharing_enabled":true,"jetpack_likes_enabled":true,"amp_enabled":true,"_links":{"self":[{"href":"https:\/\/encuentroinformativo.com.mx\/index.php?rest_route=\/wp\/v2\/posts\/18018","targetHints":{"allow":["GET"]}}],"collection":[{"href":"https:\/\/encuentroinformativo.com.mx\/index.php?rest_route=\/wp\/v2\/posts"}],"about":[{"href":"https:\/\/encuentroinformativo.com.mx\/index.php?rest_route=\/wp\/v2\/types\/post"}],"author":[{"embeddable":true,"href":"https:\/\/encuentroinformativo.com.mx\/index.php?rest_route=\/wp\/v2\/users\/1"}],"replies":[{"embeddable":true,"href":"https:\/\/encuentroinformativo.com.mx\/index.php?rest_route=%2Fwp%2Fv2%2Fcomments&post=18018"}],"version-history":[{"count":1,"href":"https:\/\/encuentroinformativo.com.mx\/index.php?rest_route=\/wp\/v2\/posts\/18018\/revisions"}],"predecessor-version":[{"id":18019,"href":"https:\/\/encuentroinformativo.com.mx\/index.php?rest_route=\/wp\/v2\/posts\/18018\/revisions\/18019"}],"wp:featuredmedia":[{"embeddable":true,"href":"https:\/\/encuentroinformativo.com.mx\/index.php?rest_route=\/wp\/v2\/media\/387"}],"wp:attachment":[{"href":"https:\/\/encuentroinformativo.com.mx\/index.php?rest_route=%2Fwp%2Fv2%2Fmedia&parent=18018"}],"wp:term":[{"taxonomy":"category","embeddable":true,"href":"https:\/\/encuentroinformativo.com.mx\/index.php?rest_route=%2Fwp%2Fv2%2Fcategories&post=18018"},{"taxonomy":"post_tag","embeddable":true,"href":"https:\/\/encuentroinformativo.com.mx\/index.php?rest_route=%2Fwp%2Fv2%2Ftags&post=18018"}],"curies":[{"name":"wp","href":"https:\/\/api.w.org\/{rel}","templated":true}]}}