{"id":18021,"date":"2021-09-03T09:44:21","date_gmt":"2021-09-03T14:44:21","guid":{"rendered":"https:\/\/encuentroinformativo.com.mx\/?p=18021"},"modified":"2021-09-03T09:44:25","modified_gmt":"2021-09-03T14:44:25","slug":"era-necesario-el-regreso-a-clases","status":"publish","type":"post","link":"https:\/\/encuentroinformativo.com.mx\/?p=18021","title":{"rendered":"ERA NECESARIO EL REGRESO A CLASES"},"content":{"rendered":"\n<p><strong>ColumnaSinNombre<br>@pablojair<\/strong><\/p>\n\n\n\n<ul class=\"wp-block-list\"><li>El \u201cLokelio\u201d debe estar desesperado y arrepentido.<\/li><li>Y que traban a Azucena; la acusan de matar a su exmarido.<\/li><li>Perro oso de los senadores veracruzanos Indira y Julen.<\/li><\/ul>\n\n\n\n<p>\u00a1Vayan a jaquear a su $%&amp;=ad@ #\u00e7+dre!<br>\u2014Chopenjawer<\/p>\n\n\n\n<p>Es viernes y ya pas\u00f3 casi una semana desde que se marc\u00f3 la fecha de inicio para el regreso a clases presenciales. No todos regresaron: hubo muchas escuelas vac\u00edas y algunas apenas est\u00e1n adoptando medidas para adaptarse a un modelo h\u00edbrido o escalonado.<\/p>\n\n\n\n<p>Si bien este regreso a clases presenciales no parece haber sido totalmente un \u00e9xito por la ausencia de estudiantes, ya era necesario que se fijara una fecha para el retorno.<\/p>\n\n\n\n<p>Por el tema de la pandemia, quiz\u00e1s se hubiese estado posponiendo la fecha de arranque, sumado a la irresponsabilidad de la gente que no se cuida, no se vacuna, incluso no cree en el Covid. Quiz\u00e1s hubiesen pasado varios a\u00f1os para que entonces los alumnos, alumnas, \u201calemnes\u201d regresaran a clases con el 100% de seguridad de que est\u00e1n a salvo. Un tiempo valioso que se hubiese perdido.<\/p>\n\n\n\n<p>Mire, la realidad es que no se puede decir que estamos a salvo porque todav\u00eda no sabemos todo del \u201ccoronabicho\u201d y las vacunas que est\u00e1n son de mera emergencia; se sigue investigando, y apenas se est\u00e1 explorando los terrenos de una vacuna comercial y de venta masiva como el Vaporub.<\/p>\n\n\n\n<p>Es obvio que la gente que sale de sus casas est\u00e1 expuesta a contagiarse: todos lo estamos.<\/p>\n\n\n\n<p>Pero si algo han remarcado las autoridades sanitarias (aparte del confinamiento en casos extremos) es que un simple cubrebocas y un lavado de manos o uso de alcohol para lavarlas, ayuda mucho para combatir al Covid.<\/p>\n\n\n\n<p>Definitivamente hab\u00eda qu\u00e9 regresar a clases y existen posturas encontradas sobre el tema, pero el gobierno ten\u00eda que dar ya arranque para ir configurando sobre la marcha (como lo ha sido todo con este bicho) la manera m\u00e1s pr\u00e1ctica para dar y recibir clases.<\/p>\n\n\n\n<p>S\u00ed, es una apuesta muy arriesgada, pero al final de cuentas son los padres de familia los que determinar\u00e1n lo mejor para sus hijos. Si los mandan o no, es un asunto de ellos.<\/p>\n\n\n\n<p>Lo que s\u00ed se tiene qu\u00e9 comentar es que el Plan de Vacunaci\u00f3n qued\u00f3 rebasado por la realidad: mientras ya arrancaron las clases, muchos j\u00f3venes no est\u00e1n vacunados o apenas tienen la primera dosis; ya ni se diga de los ni\u00f1os, de los cuales no han autorizado que se vacunen o ni siquiera est\u00e1n contemplado en el esquema selectivo por edades.<\/p>\n\n\n\n<p>La lentitud de dicha campa\u00f1a de vacunaci\u00f3n tambi\u00e9n se vio afectada por la desconfianza que tiene el sector magisterial a las vacunas chinas Cansino (de una sola dosis) que no est\u00e1 avalada en varios pa\u00edses del mundo, pero en M\u00e9xico \u2014bendita 4T\u2014 van a aceptar hasta la cubana, isla donde todav\u00eda proclaman que las epidemias de dengue son a causa de una guerra bacteriol\u00f3gica del imperialismo (es verdad, eso lo v\u00ed en la tele cubana con estos ojos que alg\u00fan d\u00eda se comer\u00e1n los gusanos).<\/p>\n\n\n\n<p>As\u00ed que entre una vacunaci\u00f3n lenta, selectiva y con productos que no dan confianza, as\u00ed regresamos a clases.<\/p>\n\n\n\n<p>A lo mejor hubiese ayudado m\u00e1s una vacuna masiva, pareja para todos, pero es lo que hay.<\/p>\n\n\n\n<p><strong>NOTA PARA PEGAR EN EL REFRI: <\/strong>\u201cLokelio\u201d Franco ten\u00eda muy mal calculado el asunto de hacer alianza con Miguel \u00c1ngel Yunes Linares. Sumarse al proyecto personal\/familiar de la familia Yunes M\u00e1rquez y servirles de comparsa es lo que precisamente lo mantienen en la c\u00e1rcel; de igual manera, no estaba midiendo el estar denigrando al que hoy es gobernador de Veracruz (eso le debe estar remordiendo en la consciencia, si es que la tiene)\u2026 Ayer era el \u201cpoderoso\u201d secretario de Gobierno con t\u00edtulo \u201cpatito\u201d de la UV, el pol\u00edtico veracruzano que incluso pudo haber estado cercano al actual presidente de la Rep\u00fablica, pero el joven tuxpe\u00f1o prefiri\u00f3 entregarse de lleno a las delicias del dinero como muchos de los perredistas, cuyo tiempo de \u201cluchadores\u201d sociales termin\u00f3 para convertirse en viles mercaderes del poder. Una c\u00fapula corrupta que nunca se dio cuenta que no vend\u00eda otra cosa m\u00e1s que las glorias pasadas de sus l\u00edderes morales como Cuauht\u00e9moc y Andr\u00e9s Manuel, y que cuando estos se fueron, s\u00f3lo se quedaron con la banderita de ser \u201cluchadores de izquierda\u201d, cuando muchos en su trinche vida hab\u00edan abanderado realmente una causa\u2026 Hoy \u201cLokelio\u201d sufre en la c\u00e1rcel y probablemente est\u00e9 ah\u00ed hasta el resto del sexenio, a merced del que manda, en un lugar que inevitablemente te quiebra el alma, porque de entrada esa ilusi\u00f3n de poder termin\u00f3 de sopet\u00f3n con una realidad donde pasas a tener ba\u00f1o de lujo privado a una letrina apestosa para lidiar con la mierda. Su intentona de \u201crendir protesta\u201d para ser diputado federal fue una verdadera vacilada que ni siquiera los \u201cyunifans\u201d m\u00e1s aferrados e ilusos se creyeron\u2026 Al final de cuentas, a \u201cLokelio\u201d le pas\u00f3 lo que a muchos de los que colaboran con esa banda canina que huye a sus viviendas de lujo en el extranjero cuando se las ven negras: les cae como una especie de maldici\u00f3n donde terminan enfermos, o infartados, o en el bote, o exiliados, etc\u00e9tera.<\/p>\n\n\n\n<p><strong>OTRA NOTA:<\/strong> Y el chorote anterior viene a colaci\u00f3n porque \u2014nadie lo ve\u00eda venir\u2014 le cay\u00f3 la poli a la exdiputada federal del PRD, Azucena \u201cN\u201d, quien apenas hace dos d\u00edas perdi\u00f3 el fuero por el cambio de legislatura. Se ve que la ten\u00edan bien vigilada mientras armaban la carpeta, porque la tambi\u00e9n exregidora de Tihuatl\u00e1n ni se las ol\u00eda o de otro modo no se explica qu\u00e9 hac\u00eda en Xalapa cuando fue detenida por sendas investigaciones por homicidio doloso calificado (la se\u00f1alan de haber matado a su exesposo) y otras dos m\u00e1s pero en grado de tentativa\u2026 Es sabido que la exlegisladora es muy cercana a Rogelio \u201cN\u201d, el exsecretario de Gobierno en el miniYunato; y a Gregorio \u201cN\u201d, exalcalde de Tihuatl\u00e1n, a quien incluso le vinculan sentimentalmente y tambi\u00e9n tiene fama p\u00fablica de ser una verdadera fichita\u2026 Es curioso, pero ahora con tanto perredista detenido por delitos graves (nivel \u201cfin\u00edsimas personas\u201d) pareciera que el exgober \u201cCascarita\u201d en realidad no conoc\u00eda a las alima\u00f1as que estaba sumando para hacerse del poder en Veracruz. Es extra\u00f1o, porque si alguien se jacta de saber del mundo del espionaje, hackeo e informaci\u00f3n confidencial es precisamente el tenebroso exgobernador. Luego entonces, se supone que sab\u00eda la alianza que estaba haciendo con personajes oscuros, malandros a los que tarde o temprano les iba a caer el moco.<\/p>\n\n\n\n<p><strong>LA \u00daLTIMA PORQUE LA TORTA ME REVOLOTEA EN LA PANZA:<\/strong> Perro oso de los senadores veracruzanos Indira Rosales San Rom\u00e1n y Julen Rementer\u00eda tom\u00e1ndose la foto con el presidente del partido espa\u00f1ol de ultraderecha Vox\u2026 Lo m\u00e1s chistoso es que la cuenta de los senadores del PAN en Twitter borr\u00f3 la publicaci\u00f3n que presum\u00edan orgullosamente con el fascista\u2026 En una de esas, no tardan en disfrazarse del KuKluxKlan, de yunques o de nazis y declararse raza aria superior a los jarochos\u2026 \u00a1Jolinez! \u00bfPoz qu\u00e9 tene\u00eds en la cabeza, gilipollas?<\/p>\n","protected":false},"excerpt":{"rendered":"<p>ColumnaSinNombre@pablojair El \u201cLokelio\u201d debe estar desesperado y arrepentido. Y que traban a Azucena; la acusan de matar a su exmarido. Perro oso de los senadores veracruzanos Indira y Julen. \u00a1Vayan a jaquear a su $%&amp;=ad@ #\u00e7+dre!\u2014Chopenjawer Es viernes y ya pas\u00f3 casi una semana desde que se marc\u00f3 la fecha de inicio para el regreso [&hellip;]<\/p>\n","protected":false},"author":1,"featured_media":488,"comment_status":"open","ping_status":"open","sticky":false,"template":"","format":"standard","meta":{"_jetpack_memberships_contains_paid_content":false,"footnotes":""},"categories":[11],"tags":[],"class_list":["post-18021","post","type-post","status-publish","format-standard","has-post-thumbnail","hentry","category-opinion"],"jetpack_featured_media_url":"https:\/\/encuentroinformativo.com.mx\/wp-content\/uploads\/2020\/03\/F471F608-BA1A-416B-BA7B-BCFB24F4E6D0.jpeg","jetpack_sharing_enabled":true,"jetpack_likes_enabled":true,"amp_enabled":true,"_links":{"self":[{"href":"https:\/\/encuentroinformativo.com.mx\/index.php?rest_route=\/wp\/v2\/posts\/18021","targetHints":{"allow":["GET"]}}],"collection":[{"href":"https:\/\/encuentroinformativo.com.mx\/index.php?rest_route=\/wp\/v2\/posts"}],"about":[{"href":"https:\/\/encuentroinformativo.com.mx\/index.php?rest_route=\/wp\/v2\/types\/post"}],"author":[{"embeddable":true,"href":"https:\/\/encuentroinformativo.com.mx\/index.php?rest_route=\/wp\/v2\/users\/1"}],"replies":[{"embeddable":true,"href":"https:\/\/encuentroinformativo.com.mx\/index.php?rest_route=%2Fwp%2Fv2%2Fcomments&post=18021"}],"version-history":[{"count":1,"href":"https:\/\/encuentroinformativo.com.mx\/index.php?rest_route=\/wp\/v2\/posts\/18021\/revisions"}],"predecessor-version":[{"id":18022,"href":"https:\/\/encuentroinformativo.com.mx\/index.php?rest_route=\/wp\/v2\/posts\/18021\/revisions\/18022"}],"wp:featuredmedia":[{"embeddable":true,"href":"https:\/\/encuentroinformativo.com.mx\/index.php?rest_route=\/wp\/v2\/media\/488"}],"wp:attachment":[{"href":"https:\/\/encuentroinformativo.com.mx\/index.php?rest_route=%2Fwp%2Fv2%2Fmedia&parent=18021"}],"wp:term":[{"taxonomy":"category","embeddable":true,"href":"https:\/\/encuentroinformativo.com.mx\/index.php?rest_route=%2Fwp%2Fv2%2Fcategories&post=18021"},{"taxonomy":"post_tag","embeddable":true,"href":"https:\/\/encuentroinformativo.com.mx\/index.php?rest_route=%2Fwp%2Fv2%2Ftags&post=18021"}],"curies":[{"name":"wp","href":"https:\/\/api.w.org\/{rel}","templated":true}]}}