{"id":18029,"date":"2021-09-03T13:36:04","date_gmt":"2021-09-03T18:36:04","guid":{"rendered":"https:\/\/encuentroinformativo.com.mx\/?p=18029"},"modified":"2021-09-03T13:36:08","modified_gmt":"2021-09-03T18:36:08","slug":"rogelio-n-si-es-diputado-federal-afirma-legisladora","status":"publish","type":"post","link":"https:\/\/encuentroinformativo.com.mx\/?p=18029","title":{"rendered":"Rogelio \u201cN\u201d s\u00ed es diputado federal, afirma legisladora"},"content":{"rendered":"\n<p><strong>Dar\u00edo Pale<\/strong><\/p>\n\n\n\n<p>En conferencia de prensare realizada en conocido hotel, indic\u00f3 que como fracci\u00f3n legislativa est\u00e1n tomando todas las medidas jur\u00eddicas y pertinentes para que se incorpore Rogelio \u201cN\u201d a la fracci\u00f3n.<\/p>\n\n\n\n<p>Xalapa, Ver.- La diputada federal perredista Elizabeth P\u00e9rez Vald\u00e9s dio a conocer que Rogelio \u201dN\u201d es un diputado federal que rindi\u00f3 protesta y est\u00e1n a salvo sus derechos pol\u00edtico-electorales, lo cual ha sido calificado por el Tribunal Electoral y el INE.<\/p>\n\n\n\n<p>&#8220;Todas las medidas jur\u00eddicas pertinentes, desde la intervenci\u00f3n de la Mesa Directiva de la C\u00e1mara, hasta un trato con los abogados en los t\u00e9rminos en los que ellos nos est\u00e1n planteando, amparos, toda la defensa jur\u00eddica que se requiera de nosotros para la libertad del compa\u00f1ero&#8221;, coment\u00f3.<\/p>\n\n\n\n<p>Dio a conocer que la mejor muestra de que hay una persecuci\u00f3n pol\u00edtica contra el PRD en Veracruz es la detenci\u00f3n de la exdiputada Azucena &#8220;N&#8221;, as\u00ed como la detenci\u00f3n del exsecretario de Gobierno en la administraci\u00f3n de Miguel \u00c1ngel Yunes Linares.<\/p>\n\n\n\n<p>Finalmente dijo que seguir\u00e1n siendo oposici\u00f3n en contra de las injusticias, de los malos gobiernos como aqu\u00ed en Veracruz.<\/p>\n","protected":false},"excerpt":{"rendered":"<p>Dar\u00edo Pale En conferencia de prensare realizada en conocido hotel, indic\u00f3 que como fracci\u00f3n legislativa est\u00e1n tomando todas las medidas jur\u00eddicas y pertinentes para que se incorpore Rogelio \u201cN\u201d a la fracci\u00f3n. Xalapa, Ver.- La diputada federal perredista Elizabeth P\u00e9rez Vald\u00e9s dio a conocer que Rogelio \u201dN\u201d es un diputado federal que rindi\u00f3 protesta y [&hellip;]<\/p>\n","protected":false},"author":1,"featured_media":18030,"comment_status":"open","ping_status":"open","sticky":false,"template":"","format":"standard","meta":{"_jetpack_memberships_contains_paid_content":false,"footnotes":""},"categories":[2],"tags":[],"class_list":["post-18029","post","type-post","status-publish","format-standard","has-post-thumbnail","hentry","category-estado"],"jetpack_featured_media_url":"https:\/\/encuentroinformativo.com.mx\/wp-content\/uploads\/2021\/09\/7B768CC0-FD37-4FFA-8D77-8E4778EE0D39.jpeg","jetpack_sharing_enabled":true,"jetpack_likes_enabled":true,"amp_enabled":true,"_links":{"self":[{"href":"https:\/\/encuentroinformativo.com.mx\/index.php?rest_route=\/wp\/v2\/posts\/18029","targetHints":{"allow":["GET"]}}],"collection":[{"href":"https:\/\/encuentroinformativo.com.mx\/index.php?rest_route=\/wp\/v2\/posts"}],"about":[{"href":"https:\/\/encuentroinformativo.com.mx\/index.php?rest_route=\/wp\/v2\/types\/post"}],"author":[{"embeddable":true,"href":"https:\/\/encuentroinformativo.com.mx\/index.php?rest_route=\/wp\/v2\/users\/1"}],"replies":[{"embeddable":true,"href":"https:\/\/encuentroinformativo.com.mx\/index.php?rest_route=%2Fwp%2Fv2%2Fcomments&post=18029"}],"version-history":[{"count":1,"href":"https:\/\/encuentroinformativo.com.mx\/index.php?rest_route=\/wp\/v2\/posts\/18029\/revisions"}],"predecessor-version":[{"id":18031,"href":"https:\/\/encuentroinformativo.com.mx\/index.php?rest_route=\/wp\/v2\/posts\/18029\/revisions\/18031"}],"wp:featuredmedia":[{"embeddable":true,"href":"https:\/\/encuentroinformativo.com.mx\/index.php?rest_route=\/wp\/v2\/media\/18030"}],"wp:attachment":[{"href":"https:\/\/encuentroinformativo.com.mx\/index.php?rest_route=%2Fwp%2Fv2%2Fmedia&parent=18029"}],"wp:term":[{"taxonomy":"category","embeddable":true,"href":"https:\/\/encuentroinformativo.com.mx\/index.php?rest_route=%2Fwp%2Fv2%2Fcategories&post=18029"},{"taxonomy":"post_tag","embeddable":true,"href":"https:\/\/encuentroinformativo.com.mx\/index.php?rest_route=%2Fwp%2Fv2%2Ftags&post=18029"}],"curies":[{"name":"wp","href":"https:\/\/api.w.org\/{rel}","templated":true}]}}