{"id":18038,"date":"2021-09-03T15:45:08","date_gmt":"2021-09-03T20:45:08","guid":{"rendered":"https:\/\/encuentroinformativo.com.mx\/?p=18038"},"modified":"2021-09-03T15:45:12","modified_gmt":"2021-09-03T20:45:12","slug":"veracruz-sin-presos-politicos-cisneros","status":"publish","type":"post","link":"https:\/\/encuentroinformativo.com.mx\/?p=18038","title":{"rendered":"Veracruz sin presos pol\u00edticos: Cisneros"},"content":{"rendered":"\n<p><strong>Dar\u00edo Pale <\/strong><\/p>\n\n\n\n<p>Xalapa, Ver.- En el actual Gobierno estatal no hay ni habr\u00e1 presos pol\u00edticos, pero advirti\u00f3 que sin ning\u00fan distingo partidista se llevar\u00e1 ante la justicia a cualquier pol\u00edtico se\u00f1alado de alg\u00fan delito, as\u00ed lo dio a conocer el secretario de Gobierno en Veracruz, Eric Cisneros Burgos.<\/p>\n\n\n\n<p>Entrevistado a su arribo al Congreso del Estado coment\u00f3 que, &#8220;en este gobierno podr\u00e1 haber pol\u00edticos presos, pero no va a haber ning\u00fan preso pol\u00edtico&#8221;.<\/p>\n\n\n\n<p>Al ser cuestionado sobre la acusaci\u00f3n que hizo el Partido de la Revoluci\u00f3n Democr\u00e1tica (PRD) en la entidad contra el Gobierno del Estado tras la detenci\u00f3n de la ex diputada federal Norma Azucena &#8220;N&#8221; como un acto de &#8220;revancha pol\u00edtica&#8221;, Cisneros Burgos respondi\u00f3, &#8220;no hay absolutamente ninguna distinci\u00f3n con nadie. La justicia se aplica para todos&#8221;.<\/p>\n\n\n\n<p>Advirti\u00f3 tambi\u00e9n que la justicia no es selectiva, por lo que se aplicar\u00e1 incluso para los de casa, \u201cla justicia se aplica para todos, inclusive para los de casa. Para todos&#8221;, si as\u00ed fuera el caso.<\/p>\n\n\n\n<p>Norma Azucena &#8220;N&#8221; fue detenida y recluida en el Penal de Pacho Viejo tras ser se\u00f1alada por homicidio doloso contra Nicanor Mart\u00ednez Olgu\u00edn, quien fuera candidato suplente del partido Morena a la presidencia municipal de Tihuatl\u00e1n.<\/p>\n","protected":false},"excerpt":{"rendered":"<p>Dar\u00edo Pale Xalapa, Ver.- En el actual Gobierno estatal no hay ni habr\u00e1 presos pol\u00edticos, pero advirti\u00f3 que sin ning\u00fan distingo partidista se llevar\u00e1 ante la justicia a cualquier pol\u00edtico se\u00f1alado de alg\u00fan delito, as\u00ed lo dio a conocer el secretario de Gobierno en Veracruz, Eric Cisneros Burgos. Entrevistado a su arribo al Congreso del [&hellip;]<\/p>\n","protected":false},"author":1,"featured_media":18039,"comment_status":"open","ping_status":"open","sticky":false,"template":"","format":"standard","meta":{"_jetpack_memberships_contains_paid_content":false,"footnotes":""},"categories":[2],"tags":[],"class_list":["post-18038","post","type-post","status-publish","format-standard","has-post-thumbnail","hentry","category-estado"],"jetpack_featured_media_url":"https:\/\/encuentroinformativo.com.mx\/wp-content\/uploads\/2021\/09\/69827320-F7FC-4742-B286-447A4032F3A0.jpeg","jetpack_sharing_enabled":true,"jetpack_likes_enabled":true,"amp_enabled":true,"_links":{"self":[{"href":"https:\/\/encuentroinformativo.com.mx\/index.php?rest_route=\/wp\/v2\/posts\/18038","targetHints":{"allow":["GET"]}}],"collection":[{"href":"https:\/\/encuentroinformativo.com.mx\/index.php?rest_route=\/wp\/v2\/posts"}],"about":[{"href":"https:\/\/encuentroinformativo.com.mx\/index.php?rest_route=\/wp\/v2\/types\/post"}],"author":[{"embeddable":true,"href":"https:\/\/encuentroinformativo.com.mx\/index.php?rest_route=\/wp\/v2\/users\/1"}],"replies":[{"embeddable":true,"href":"https:\/\/encuentroinformativo.com.mx\/index.php?rest_route=%2Fwp%2Fv2%2Fcomments&post=18038"}],"version-history":[{"count":1,"href":"https:\/\/encuentroinformativo.com.mx\/index.php?rest_route=\/wp\/v2\/posts\/18038\/revisions"}],"predecessor-version":[{"id":18040,"href":"https:\/\/encuentroinformativo.com.mx\/index.php?rest_route=\/wp\/v2\/posts\/18038\/revisions\/18040"}],"wp:featuredmedia":[{"embeddable":true,"href":"https:\/\/encuentroinformativo.com.mx\/index.php?rest_route=\/wp\/v2\/media\/18039"}],"wp:attachment":[{"href":"https:\/\/encuentroinformativo.com.mx\/index.php?rest_route=%2Fwp%2Fv2%2Fmedia&parent=18038"}],"wp:term":[{"taxonomy":"category","embeddable":true,"href":"https:\/\/encuentroinformativo.com.mx\/index.php?rest_route=%2Fwp%2Fv2%2Fcategories&post=18038"},{"taxonomy":"post_tag","embeddable":true,"href":"https:\/\/encuentroinformativo.com.mx\/index.php?rest_route=%2Fwp%2Fv2%2Ftags&post=18038"}],"curies":[{"name":"wp","href":"https:\/\/api.w.org\/{rel}","templated":true}]}}