{"id":18041,"date":"2021-09-03T15:58:32","date_gmt":"2021-09-03T20:58:32","guid":{"rendered":"https:\/\/encuentroinformativo.com.mx\/?p=18041"},"modified":"2021-09-03T15:58:36","modified_gmt":"2021-09-03T20:58:36","slug":"desestima-titular-de-la-sev-contagios-de-covid-en-escuelas","status":"publish","type":"post","link":"https:\/\/encuentroinformativo.com.mx\/?p=18041","title":{"rendered":"Desestima titular de la SEV contagios de Covid en escuelas"},"content":{"rendered":"\n<p><strong>Dar\u00edo Pale <\/strong><\/p>\n\n\n\n<p>Xalapa, Ver.- La docente de la Escuela Secundaria General n\u00famero 3 &#8220;Antol\u00edn Torres Murrieta&#8221;, no se contagi\u00f3 en el plantel, as\u00ed lo asegur\u00f3 el secretario de Educaci\u00f3n, Zenyazen Escobar Garc\u00eda.<\/p>\n\n\n\n<p>Entrevistado a su arribo al Congreso del Estado se\u00f1al\u00f3 que, &#8220;s\u00ed tenemos una maestra contagiada de Covid, no te contagias y luego luego presentas s\u00edntomas, la compa\u00f1era ya ven\u00eda contagiada, no se contagi\u00f3 en la escuela&#8221;.<\/p>\n\n\n\n<p>&#8220;La situaci\u00f3n que tuvimos en la secundaria 3 de Xalapa, en la cual tenemos una maestra contagiado de Covid 19, sigue abierta la escuela, pero obvio no est\u00e1n en clases presenciales&#8221;, agreg\u00f3.<\/p>\n\n\n\n<p>Luego de que se informara que por esta situaci\u00f3n se determin\u00f3 cerrar la escuela y que los alumnos tomen clases en l\u00ednea, el Secretario asegur\u00f3 que la escuela est\u00e1 abierta por las tardes.<\/p>\n\n\n\n<p>&#8220;El turno en la ma\u00f1ana est\u00e1n yendo de manera presencial&#8230; quiero hacer un llamado porque nosotros no somos inflexibles en el sentido de que si tienes alg\u00fan tipo de s\u00edntoma como docente, no te tienes que presentar a trabajar con un justificante&#8221;, coment\u00f3.<\/p>\n\n\n\n<p>Recalc\u00f3 que esta es una nueva normalidad, el virus no se va a ir y se tienen que buscar las formas en el sistema educativo para seguir trabajando, porque de lo contrario seguir\u00e1 aumentando.<\/p>\n\n\n\n<p>Fue as\u00ed que record\u00f3 que el Estado tra\u00eda arrastrando un rezago educativo desde administraciones anteriores, por ello, insisti\u00f3 en que si sigue sin haber clases, seguir\u00e1 creciendo el rezago.<\/p>\n\n\n\n<p>\u201cNo va a ser como antes y la escuela no va a ser la misma. Por eso los protocolos en la entrada que se difieren media hora en el caso de secundaria.<\/p>\n\n\n\n<p>Unos entran a las 7:00, otros 7:30, a las 8:00, la salida igual, as\u00ed escalonada, los grupos escalonados, no vamos a regresar como antes&#8221;, reiter\u00f3.<\/p>\n\n\n\n<p>Detall\u00f3 que hasta el momento hay 13 mil 800 escuelas abiertas a clases presenciales y no hay, hasta el momento ning\u00fan otro reporte de contagio dentro de las instituciones.<\/p>\n\n\n\n<p>En otro tema, respecto de la situaci\u00f3n en la Escuela Secundaria General n\u00famero 5, donde supuestamente est\u00e1n obligando a los estudiantes a asistir, reiter\u00f3 que no se les est\u00e1 obligando.<\/p>\n\n\n\n<p>&#8220;No pongan palabras en mi boca que no he dicho como autoridad jam\u00e1s vamos a obligar a los padres a qu\u00e9 lleven a sus hijos, ayer estuvimos con el director y le dijimos que no puede obligar a nadie, es voluntario, ya lo dijo el Presidente, el Gobernador. Hablaremos con \u00e9l y en todo el momento est\u00e1 la educaci\u00f3n a distancia y los alumnos tendr\u00e1n que adaptarse a lo que m\u00e1s les convenga&#8221;, inform\u00f3.<\/p>\n\n\n\n<p>Finalmente, dijo que antes de remover al director o cualquier tipo de acci\u00f3n, lo primero es hablar con \u00e9l y con los padres de familia de dicha escuela, y de acuerdo al funcionario estatal , hay un total de 13 mil 800 abiertas para dar clases en la nueva normalidad mixta, dejando en claro que nunca se obligar\u00e1 a los padres de familia o tutores a que regresen las y los alumnos a clases presenciales.<\/p>\n","protected":false},"excerpt":{"rendered":"<p>Dar\u00edo Pale Xalapa, Ver.- La docente de la Escuela Secundaria General n\u00famero 3 &#8220;Antol\u00edn Torres Murrieta&#8221;, no se contagi\u00f3 en el plantel, as\u00ed lo asegur\u00f3 el secretario de Educaci\u00f3n, Zenyazen Escobar Garc\u00eda. Entrevistado a su arribo al Congreso del Estado se\u00f1al\u00f3 que, &#8220;s\u00ed tenemos una maestra contagiada de Covid, no te contagias y luego luego [&hellip;]<\/p>\n","protected":false},"author":1,"featured_media":17083,"comment_status":"open","ping_status":"open","sticky":false,"template":"","format":"standard","meta":{"_jetpack_memberships_contains_paid_content":false,"footnotes":""},"categories":[9],"tags":[],"class_list":["post-18041","post","type-post","status-publish","format-standard","has-post-thumbnail","hentry","category-salud"],"jetpack_featured_media_url":"https:\/\/encuentroinformativo.com.mx\/wp-content\/uploads\/2021\/08\/3F83A504-42CD-4C90-A35C-A396B3420F49.jpeg","jetpack_sharing_enabled":true,"jetpack_likes_enabled":true,"amp_enabled":true,"_links":{"self":[{"href":"https:\/\/encuentroinformativo.com.mx\/index.php?rest_route=\/wp\/v2\/posts\/18041","targetHints":{"allow":["GET"]}}],"collection":[{"href":"https:\/\/encuentroinformativo.com.mx\/index.php?rest_route=\/wp\/v2\/posts"}],"about":[{"href":"https:\/\/encuentroinformativo.com.mx\/index.php?rest_route=\/wp\/v2\/types\/post"}],"author":[{"embeddable":true,"href":"https:\/\/encuentroinformativo.com.mx\/index.php?rest_route=\/wp\/v2\/users\/1"}],"replies":[{"embeddable":true,"href":"https:\/\/encuentroinformativo.com.mx\/index.php?rest_route=%2Fwp%2Fv2%2Fcomments&post=18041"}],"version-history":[{"count":1,"href":"https:\/\/encuentroinformativo.com.mx\/index.php?rest_route=\/wp\/v2\/posts\/18041\/revisions"}],"predecessor-version":[{"id":18042,"href":"https:\/\/encuentroinformativo.com.mx\/index.php?rest_route=\/wp\/v2\/posts\/18041\/revisions\/18042"}],"wp:featuredmedia":[{"embeddable":true,"href":"https:\/\/encuentroinformativo.com.mx\/index.php?rest_route=\/wp\/v2\/media\/17083"}],"wp:attachment":[{"href":"https:\/\/encuentroinformativo.com.mx\/index.php?rest_route=%2Fwp%2Fv2%2Fmedia&parent=18041"}],"wp:term":[{"taxonomy":"category","embeddable":true,"href":"https:\/\/encuentroinformativo.com.mx\/index.php?rest_route=%2Fwp%2Fv2%2Fcategories&post=18041"},{"taxonomy":"post_tag","embeddable":true,"href":"https:\/\/encuentroinformativo.com.mx\/index.php?rest_route=%2Fwp%2Fv2%2Ftags&post=18041"}],"curies":[{"name":"wp","href":"https:\/\/api.w.org\/{rel}","templated":true}]}}