{"id":18045,"date":"2021-09-03T17:12:00","date_gmt":"2021-09-03T22:12:00","guid":{"rendered":"https:\/\/encuentroinformativo.com.mx\/?p=18045"},"modified":"2021-09-03T17:12:04","modified_gmt":"2021-09-03T22:12:04","slug":"sigue-proceso-para-renovacion-de-comision-de-victimas-gobernador","status":"publish","type":"post","link":"https:\/\/encuentroinformativo.com.mx\/?p=18045","title":{"rendered":"Sigue proceso para renovaci\u00f3n de Comisi\u00f3n de V\u00edctimas: Gobernador"},"content":{"rendered":"\n<p><strong>Redacci\u00f3n<\/strong><\/p>\n\n\n\n<p>Xalapa, Ver.- Aunque reconoci\u00f3 que en pr\u00f3ximos d\u00edas se reunir\u00e1 con integrantes de colectivos, el gobernador Cuitl\u00e1huac Garc\u00eda Jim\u00e9nez no aclar\u00f3 si la terna para la Comisi\u00f3n Ejecutiva Estatal de Atenci\u00f3n Integral a V\u00edctimas ser\u00e1 repuesta.<\/p>\n\n\n\n<p>En conferencia de prensa ofrecida en el Congreso del Estado, el ejecutivo estatal fue cuestionado sobre las manifestaciones que han realizado los colectivos quienes rechazan la terna que fue presentada bajo el argumento de que no los conocen y desconocen del tema, ante lo cual reiter\u00f3 que ser\u00e1n escuchados.<\/p>\n\n\n\n<p>\u201cTengo que escuchar a todos y todas\u2026 algo que procur\u00e9 es que no fuera cargado hacia alg\u00fan grupo, colectivo de v\u00edctimas porque es el ente que de alg\u00fan modo llega a resarcir da\u00f1os a las v\u00edctimas de manera econ\u00f3mica y si tomaba la postura de un solo grupo los otros iban a decir por qu\u00e9 no aceptas a mi recomendado\u201d, dijo.<\/p>\n\n\n\n<p>Garc\u00eda Jim\u00e9nez se\u00f1al\u00f3 que no se reuni\u00f3 de manera previa con los colectivos para que no existieran malas interpretaciones de que existe preferencia por un grupo en particular.<br>\u201cProcure que fuera as\u00ed para tener esta postura imparcial, prefer\u00ed s\u00ed o\u00edr lo que debo escuchar de los grupos de familia\u201d.<\/p>\n\n\n\n<p>Finalmente el ejecutivo estatal reiter\u00f3 que se reunir\u00e1 con los integrantes de los colectivos pero evit\u00f3 responder el cuestionamiento sobre si la terna ser\u00eda repuesta ante el Poder Legislativo quienes dijo son los que deciden.<\/p>\n","protected":false},"excerpt":{"rendered":"<p>Redacci\u00f3n Xalapa, Ver.- Aunque reconoci\u00f3 que en pr\u00f3ximos d\u00edas se reunir\u00e1 con integrantes de colectivos, el gobernador Cuitl\u00e1huac Garc\u00eda Jim\u00e9nez no aclar\u00f3 si la terna para la Comisi\u00f3n Ejecutiva Estatal de Atenci\u00f3n Integral a V\u00edctimas ser\u00e1 repuesta. En conferencia de prensa ofrecida en el Congreso del Estado, el ejecutivo estatal fue cuestionado sobre las manifestaciones [&hellip;]<\/p>\n","protected":false},"author":1,"featured_media":17975,"comment_status":"open","ping_status":"open","sticky":false,"template":"","format":"standard","meta":{"_jetpack_memberships_contains_paid_content":false,"footnotes":""},"categories":[2],"tags":[],"class_list":["post-18045","post","type-post","status-publish","format-standard","has-post-thumbnail","hentry","category-estado"],"jetpack_featured_media_url":"https:\/\/encuentroinformativo.com.mx\/wp-content\/uploads\/2021\/09\/9B3B130E-1C44-4177-B09A-458061DB99C6.jpeg","jetpack_sharing_enabled":true,"jetpack_likes_enabled":true,"amp_enabled":true,"_links":{"self":[{"href":"https:\/\/encuentroinformativo.com.mx\/index.php?rest_route=\/wp\/v2\/posts\/18045","targetHints":{"allow":["GET"]}}],"collection":[{"href":"https:\/\/encuentroinformativo.com.mx\/index.php?rest_route=\/wp\/v2\/posts"}],"about":[{"href":"https:\/\/encuentroinformativo.com.mx\/index.php?rest_route=\/wp\/v2\/types\/post"}],"author":[{"embeddable":true,"href":"https:\/\/encuentroinformativo.com.mx\/index.php?rest_route=\/wp\/v2\/users\/1"}],"replies":[{"embeddable":true,"href":"https:\/\/encuentroinformativo.com.mx\/index.php?rest_route=%2Fwp%2Fv2%2Fcomments&post=18045"}],"version-history":[{"count":1,"href":"https:\/\/encuentroinformativo.com.mx\/index.php?rest_route=\/wp\/v2\/posts\/18045\/revisions"}],"predecessor-version":[{"id":18046,"href":"https:\/\/encuentroinformativo.com.mx\/index.php?rest_route=\/wp\/v2\/posts\/18045\/revisions\/18046"}],"wp:featuredmedia":[{"embeddable":true,"href":"https:\/\/encuentroinformativo.com.mx\/index.php?rest_route=\/wp\/v2\/media\/17975"}],"wp:attachment":[{"href":"https:\/\/encuentroinformativo.com.mx\/index.php?rest_route=%2Fwp%2Fv2%2Fmedia&parent=18045"}],"wp:term":[{"taxonomy":"category","embeddable":true,"href":"https:\/\/encuentroinformativo.com.mx\/index.php?rest_route=%2Fwp%2Fv2%2Fcategories&post=18045"},{"taxonomy":"post_tag","embeddable":true,"href":"https:\/\/encuentroinformativo.com.mx\/index.php?rest_route=%2Fwp%2Fv2%2Ftags&post=18045"}],"curies":[{"name":"wp","href":"https:\/\/api.w.org\/{rel}","templated":true}]}}