{"id":18047,"date":"2021-09-03T18:53:44","date_gmt":"2021-09-03T23:53:44","guid":{"rendered":"https:\/\/encuentroinformativo.com.mx\/?p=18047"},"modified":"2021-09-03T18:53:47","modified_gmt":"2021-09-03T23:53:47","slug":"localizan-a-personas-extraviadas-en-banderilla","status":"publish","type":"post","link":"https:\/\/encuentroinformativo.com.mx\/?p=18047","title":{"rendered":"Localizan a personas extraviadas en Banderilla"},"content":{"rendered":"\n<p><strong>Juan Arcos <\/strong><\/p>\n\n\n\n<p>Xalapa, Ver.- Los tres integrantes de una familia que se hab\u00edan extraviado desde la ma\u00f1ana del mi\u00e9rcoles 1 de septiembre, en el municipio de Banderilla, aparecieron y se encuentran a salvo.<\/p>\n\n\n\n<p>Se trata de Isidra Citlali Jim\u00e9nez Mart\u00ednez, de 16 a\u00f1os; su t\u00eda Isabel Guzm\u00e1n Luna; y de Eduardo, de apenas tres a\u00f1os, hijo de la mujer.<\/p>\n\n\n\n<p>Los tres fueron vistos por \u00faltima vez en el domicilio de Isabel, ubicado en La Haciendita, una zona conurbada con la capital de Veracruz.<\/p>\n\n\n\n<p>Sus familiares dieron a conocer que la mujer y los menores se trasladaban a otro sitio presuntamente por una oportunidad de trabajo.<\/p>\n\n\n\n<p>\u201cLes dijeron que hab\u00edan ido a trabajar, pero despu\u00e9s las regresaron porque vieron la nota y les dijeron que mejor se regresaran a su casa, pues no nos hab\u00edan avisado nada\u201d, es lo \u00fanico que comentaron sus parientes sobre el caso.<\/p>\n\n\n\n<p>Mar\u00eda Dolores Jim\u00e9nez Mart\u00ednez, madre de Isidra Citlali, estaba muy preocupada, toda vez que nunca antes hab\u00eda perdido comunicaci\u00f3n con su hija ni con Isabel durante tantas horas.<\/p>\n\n\n\n<p>Cabe mencionar que las desapariciones han repuntado durante los \u00faltimos meses en los municipios de Xalapa, Emiliano Zapata y Banderilla, de acuerdo con colectivos de familiares de desaparecidos.<\/p>\n","protected":false},"excerpt":{"rendered":"<p>Juan Arcos Xalapa, Ver.- Los tres integrantes de una familia que se hab\u00edan extraviado desde la ma\u00f1ana del mi\u00e9rcoles 1 de septiembre, en el municipio de Banderilla, aparecieron y se encuentran a salvo. Se trata de Isidra Citlali Jim\u00e9nez Mart\u00ednez, de 16 a\u00f1os; su t\u00eda Isabel Guzm\u00e1n Luna; y de Eduardo, de apenas tres a\u00f1os, [&hellip;]<\/p>\n","protected":false},"author":1,"featured_media":18048,"comment_status":"open","ping_status":"open","sticky":false,"template":"","format":"standard","meta":{"_jetpack_memberships_contains_paid_content":false,"footnotes":""},"categories":[8],"tags":[],"class_list":["post-18047","post","type-post","status-publish","format-standard","has-post-thumbnail","hentry","category-region"],"jetpack_featured_media_url":"https:\/\/encuentroinformativo.com.mx\/wp-content\/uploads\/2021\/09\/56AC9110-1D54-48B8-8360-9A819195B751.jpeg","jetpack_sharing_enabled":true,"jetpack_likes_enabled":true,"amp_enabled":true,"_links":{"self":[{"href":"https:\/\/encuentroinformativo.com.mx\/index.php?rest_route=\/wp\/v2\/posts\/18047","targetHints":{"allow":["GET"]}}],"collection":[{"href":"https:\/\/encuentroinformativo.com.mx\/index.php?rest_route=\/wp\/v2\/posts"}],"about":[{"href":"https:\/\/encuentroinformativo.com.mx\/index.php?rest_route=\/wp\/v2\/types\/post"}],"author":[{"embeddable":true,"href":"https:\/\/encuentroinformativo.com.mx\/index.php?rest_route=\/wp\/v2\/users\/1"}],"replies":[{"embeddable":true,"href":"https:\/\/encuentroinformativo.com.mx\/index.php?rest_route=%2Fwp%2Fv2%2Fcomments&post=18047"}],"version-history":[{"count":1,"href":"https:\/\/encuentroinformativo.com.mx\/index.php?rest_route=\/wp\/v2\/posts\/18047\/revisions"}],"predecessor-version":[{"id":18049,"href":"https:\/\/encuentroinformativo.com.mx\/index.php?rest_route=\/wp\/v2\/posts\/18047\/revisions\/18049"}],"wp:featuredmedia":[{"embeddable":true,"href":"https:\/\/encuentroinformativo.com.mx\/index.php?rest_route=\/wp\/v2\/media\/18048"}],"wp:attachment":[{"href":"https:\/\/encuentroinformativo.com.mx\/index.php?rest_route=%2Fwp%2Fv2%2Fmedia&parent=18047"}],"wp:term":[{"taxonomy":"category","embeddable":true,"href":"https:\/\/encuentroinformativo.com.mx\/index.php?rest_route=%2Fwp%2Fv2%2Fcategories&post=18047"},{"taxonomy":"post_tag","embeddable":true,"href":"https:\/\/encuentroinformativo.com.mx\/index.php?rest_route=%2Fwp%2Fv2%2Ftags&post=18047"}],"curies":[{"name":"wp","href":"https:\/\/api.w.org\/{rel}","templated":true}]}}