{"id":18053,"date":"2021-09-04T12:44:09","date_gmt":"2021-09-04T17:44:09","guid":{"rendered":"https:\/\/encuentroinformativo.com.mx\/?p=18053"},"modified":"2021-09-04T12:44:13","modified_gmt":"2021-09-04T17:44:13","slug":"zulma-y-su-amparo","status":"publish","type":"post","link":"https:\/\/encuentroinformativo.com.mx\/?p=18053","title":{"rendered":"Zulma y su amparo"},"content":{"rendered":"\n<p><strong>N\u00fameros Rojos<\/strong><\/p>\n\n\n\n<p><strong>Brenda Caballero<\/strong><\/p>\n\n\n\n<p>Tuvo que viralizarse el video de Zulma a trav\u00e9s de las redes sociales y medios de comunicaci\u00f3n para que todo M\u00e9xico volteara a ver su caso.<\/p>\n\n\n\n<p>Incluso, ayer fue tema en la Ma\u00f1anera del Presidente Andr\u00e9s Manuel L\u00f3pez Obrador al mencionar que&nbsp; no descarta que en caso de ni\u00f1os y ni\u00f1as, j\u00f3venes con problemas de enfermedades que ameriten una protecci\u00f3n especial, si los organismos de salud internacional de salud lo aprueban, tambi\u00e9n ser\u00e1n vacunados.<\/p>\n\n\n\n<p>Zulma en un video de 2 minutos 20 segundos, pide al Doctor Gatell que le diga d\u00f3nde y cu\u00e1ndo puede ser vacunada contra el Covid, ya que padece diabetes tipo 1.&nbsp;<\/p>\n\n\n\n<p>Se dirige a \u00e9l, ya que en abril del a\u00f1o pasado, a prop\u00f3sito del D\u00eda del Ni\u00f1o, Gatell se reuni\u00f3 de manera virtual con ni\u00f1as y ni\u00f1os para responder sus dudas sobre el Covid-19. All\u00ed, a pregunta expresa de la ni\u00f1a, \u00e9l le dijo que la poblaci\u00f3n que tiene diabetes tipo 1 debe vacunarse ya que tiene mayor riesgo de complicaci\u00f3n. Por tal motivo Zulma recurri\u00f3 al amparo federal, como lo est\u00e1n haciendo menores de edad que se encuentran enfermos y se consideran vulnerables, para poder acceder a la vacuna Pfizer.<\/p>\n\n\n\n<p>Zulma no es la \u00fanica que ha recurrido a ese recurso. En Nuevo Le\u00f3n, 5 menores de edad ganaron amparo para ser vacunados; en Baja California, una ni\u00f1a de 13 a\u00f1os tambi\u00e9n lo logr\u00f3; en Oaxaca, un ni\u00f1o de 12; mientras que en Puebla, Ricardo de 13 a\u00f1os tambi\u00e9n; incluso su padre que es abogado, ofrece de manera gratuita a los padres de familia o tutores a trav\u00e9s de redes sociales su whatsapp para que puedan amparar a sus hijos, siempre y cuando sean menores de 18 a\u00f1os y mayores de 12.<\/p>\n\n\n\n<p>Estos casos han tra\u00eddo m\u00e1s en cascada, al grado que ya contabilizan m\u00e1s de 200 en toda la Rep\u00fablica Mexicana.<\/p>\n\n\n\n<p>Pero es la edad de Zulma la que ha desatado controversia. Pues afirman que aunque la Comisi\u00f3n Federal para la Protecci\u00f3n contra Riesgos Sanitarios (Cofepris) autoriz\u00f3 desde el 24 de junio de 2021, la vacuna Pfizer a partir de los 12 a\u00f1os y Zulma tiene 11 a\u00f1os actualmente, tomando en cuenta que dijo tener 10 a\u00f1os al preguntarle el a\u00f1o pasado a Gatell.<\/p>\n\n\n\n<p>Ahora bien, Zulma tiene diabetes tipo 1, lo que la hace formar parte de la poblaci\u00f3n vulnerable, situaci\u00f3n que no tienen contemplada a\u00fan en el Plan Nacional de Vacunaci\u00f3n.<\/p>\n\n\n\n<p>Despu\u00e9s de las palabras de AMLO en la Ma\u00f1anera, no le qued\u00f3 de otra a Gatell que decir mediante un tuit que \u201cel Objetivo del Plan Nacional es reducir el riesgo de enfermedad grave y mortalidad. No descartamos vacunar a ni\u00f1as, ni\u00f1os y adolescentes que viven con enfermedades cr\u00f3nicas\u201d.<\/p>\n\n\n\n<p>Tambi\u00e9n el gobernador de Veracruz, Cuitl\u00e1huac Garc\u00eda Jim\u00e9nez, tuvo que contestar sobre el caso de Zulma, argumentando que \u201ctenemos que ser cient\u00edficos y no medi\u00e1ticos\u201d y que para poder aplicar vacunas a menores de edad, debe recibir las dosis con esa especificaci\u00f3n, ya que las vacunas Pfizer son para adultos, no para ni\u00f1os.<\/p>\n\n\n\n<p>\u00bfAcaso en la Secretar\u00eda de Salud no pudieron explicar eso? pues me parece una falta de sensibilidad y humanidad por parte de su titular Roberto Ramos Alor que tuviera a Zulma esper\u00e1ndolo una hora en la cochera cerca de los ba\u00f1os. \u00bfAcaso nadie pudo recibirla y atenderla? Porque en s\u00ed, de acuerdo a&nbsp; palabras de la ni\u00f1a, le dijeron que no pod\u00edan vacunarla por no estar en riesgo, pero nunca porque la vacuna Pfizer aprobada por Cofepris debe ser aplicada en mayores de 12 a\u00f1os.&nbsp;<\/p>\n\n\n\n<p>Aunque si es mandato de un juez federal, tendr\u00edan que respetarlo. \u00bfO acaso la dependencia de Ramos Alor interpondr\u00e1 otro recurso legal contra el amparo?<\/p>\n\n\n\n<p>Mientras son peras o manzanas, Ramos Alor deber\u00eda hacer contenci\u00f3n y atender a la poblaci\u00f3n pues con el antecedente de Zulma, el camino se aprende para llegar hasta el presidente en la Ma\u00f1anera.<\/p>\n\n\n\n<p>@NumerosRojos_BC<\/p>\n\n\n\n<p><a href=\"mailto:caballero_brenda@hotmail.com\" target=\"_blank\" rel=\"noreferrer noopener\">caballero_brenda@hotmail.com<\/a><\/p>\n","protected":false},"excerpt":{"rendered":"<p>N\u00fameros Rojos Brenda Caballero Tuvo que viralizarse el video de Zulma a trav\u00e9s de las redes sociales y medios de comunicaci\u00f3n para que todo M\u00e9xico volteara a ver su caso. Incluso, ayer fue tema en la Ma\u00f1anera del Presidente Andr\u00e9s Manuel L\u00f3pez Obrador al mencionar que&nbsp; no descarta que en caso de ni\u00f1os y ni\u00f1as, [&hellip;]<\/p>\n","protected":false},"author":1,"featured_media":387,"comment_status":"open","ping_status":"open","sticky":false,"template":"","format":"standard","meta":{"_jetpack_memberships_contains_paid_content":false,"footnotes":""},"categories":[11],"tags":[],"class_list":["post-18053","post","type-post","status-publish","format-standard","has-post-thumbnail","hentry","category-opinion"],"jetpack_featured_media_url":"https:\/\/encuentroinformativo.com.mx\/wp-content\/uploads\/2020\/03\/7CF8A22B-2764-47BE-8F7F-38FE9E5D6A2F.jpeg","jetpack_sharing_enabled":true,"jetpack_likes_enabled":true,"amp_enabled":true,"_links":{"self":[{"href":"https:\/\/encuentroinformativo.com.mx\/index.php?rest_route=\/wp\/v2\/posts\/18053","targetHints":{"allow":["GET"]}}],"collection":[{"href":"https:\/\/encuentroinformativo.com.mx\/index.php?rest_route=\/wp\/v2\/posts"}],"about":[{"href":"https:\/\/encuentroinformativo.com.mx\/index.php?rest_route=\/wp\/v2\/types\/post"}],"author":[{"embeddable":true,"href":"https:\/\/encuentroinformativo.com.mx\/index.php?rest_route=\/wp\/v2\/users\/1"}],"replies":[{"embeddable":true,"href":"https:\/\/encuentroinformativo.com.mx\/index.php?rest_route=%2Fwp%2Fv2%2Fcomments&post=18053"}],"version-history":[{"count":1,"href":"https:\/\/encuentroinformativo.com.mx\/index.php?rest_route=\/wp\/v2\/posts\/18053\/revisions"}],"predecessor-version":[{"id":18054,"href":"https:\/\/encuentroinformativo.com.mx\/index.php?rest_route=\/wp\/v2\/posts\/18053\/revisions\/18054"}],"wp:featuredmedia":[{"embeddable":true,"href":"https:\/\/encuentroinformativo.com.mx\/index.php?rest_route=\/wp\/v2\/media\/387"}],"wp:attachment":[{"href":"https:\/\/encuentroinformativo.com.mx\/index.php?rest_route=%2Fwp%2Fv2%2Fmedia&parent=18053"}],"wp:term":[{"taxonomy":"category","embeddable":true,"href":"https:\/\/encuentroinformativo.com.mx\/index.php?rest_route=%2Fwp%2Fv2%2Fcategories&post=18053"},{"taxonomy":"post_tag","embeddable":true,"href":"https:\/\/encuentroinformativo.com.mx\/index.php?rest_route=%2Fwp%2Fv2%2Ftags&post=18053"}],"curies":[{"name":"wp","href":"https:\/\/api.w.org\/{rel}","templated":true}]}}