{"id":18077,"date":"2021-09-05T15:53:49","date_gmt":"2021-09-05T20:53:49","guid":{"rendered":"https:\/\/encuentroinformativo.com.mx\/?p=18077"},"modified":"2021-09-05T15:53:53","modified_gmt":"2021-09-05T20:53:53","slug":"fallece-adulta-mayor-al-interior-de-laboratorio-clinico","status":"publish","type":"post","link":"https:\/\/encuentroinformativo.com.mx\/?p=18077","title":{"rendered":"Fallece adulta mayor al interior de laboratorio cl\u00ednico"},"content":{"rendered":"\n<p><strong>Juan Arcos<\/strong><\/p>\n\n\n\n<p>Xalapa, Ver.- Una mujer, de unos 80 a\u00f1os, muri\u00f3 en un laboratorio cl\u00ednico que se encuentra sobre la avenida \u00c1vila Camacho, en la zona centro de Xalapa.<\/p>\n\n\n\n<p>Esto ocurri\u00f3 aproximadamente a las 12:00 horas, lo que gener\u00f3 una gran movilizaci\u00f3n por parte de elementos de la Polic\u00eda Municipal.<\/p>\n\n\n\n<p>Las patrullas se observaron en ambas aceras de la importante arteria vehicular, con direcci\u00f3n al Teatro del Estado \u201cIgnacio de la Llave\u201d y al parque Benito Ju\u00e1rez.<\/p>\n\n\n\n<p>De acuerdo con los primeros reportes, la adulta mayor falleci\u00f3 a causa de un paro card\u00edaco cuando se encontraba al interior del establecimiento.<\/p>\n\n\n\n<p>La zona fue acordonada por los elementos de seguridad para esperar la presencia del personal de la Fiscal\u00eda General del Estado (FGE).<\/p>\n\n\n\n<p>Posteriormente, arribaron elementos de la Direcci\u00f3n General de Servicios Periciales para el levantamiento del cuerpo de la mujer.\u00a0<br>El cuerpo fue trasladado al Servicio M\u00e9dico Forense (Semefo) para practicarla la necropsia de ley y confirmar la causa de muerte.<\/p>\n","protected":false},"excerpt":{"rendered":"<p>Juan Arcos Xalapa, Ver.- Una mujer, de unos 80 a\u00f1os, muri\u00f3 en un laboratorio cl\u00ednico que se encuentra sobre la avenida \u00c1vila Camacho, en la zona centro de Xalapa. Esto ocurri\u00f3 aproximadamente a las 12:00 horas, lo que gener\u00f3 una gran movilizaci\u00f3n por parte de elementos de la Polic\u00eda Municipal. Las patrullas se observaron en [&hellip;]<\/p>\n","protected":false},"author":1,"featured_media":18078,"comment_status":"open","ping_status":"open","sticky":false,"template":"","format":"standard","meta":{"_jetpack_memberships_contains_paid_content":false,"footnotes":""},"categories":[14],"tags":[],"class_list":["post-18077","post","type-post","status-publish","format-standard","has-post-thumbnail","hentry","category-policiaca"],"jetpack_featured_media_url":"https:\/\/encuentroinformativo.com.mx\/wp-content\/uploads\/2021\/09\/71F6F09B-885B-4380-8A5F-164BC4A37E76.jpeg","jetpack_sharing_enabled":true,"jetpack_likes_enabled":true,"amp_enabled":true,"_links":{"self":[{"href":"https:\/\/encuentroinformativo.com.mx\/index.php?rest_route=\/wp\/v2\/posts\/18077","targetHints":{"allow":["GET"]}}],"collection":[{"href":"https:\/\/encuentroinformativo.com.mx\/index.php?rest_route=\/wp\/v2\/posts"}],"about":[{"href":"https:\/\/encuentroinformativo.com.mx\/index.php?rest_route=\/wp\/v2\/types\/post"}],"author":[{"embeddable":true,"href":"https:\/\/encuentroinformativo.com.mx\/index.php?rest_route=\/wp\/v2\/users\/1"}],"replies":[{"embeddable":true,"href":"https:\/\/encuentroinformativo.com.mx\/index.php?rest_route=%2Fwp%2Fv2%2Fcomments&post=18077"}],"version-history":[{"count":1,"href":"https:\/\/encuentroinformativo.com.mx\/index.php?rest_route=\/wp\/v2\/posts\/18077\/revisions"}],"predecessor-version":[{"id":18079,"href":"https:\/\/encuentroinformativo.com.mx\/index.php?rest_route=\/wp\/v2\/posts\/18077\/revisions\/18079"}],"wp:featuredmedia":[{"embeddable":true,"href":"https:\/\/encuentroinformativo.com.mx\/index.php?rest_route=\/wp\/v2\/media\/18078"}],"wp:attachment":[{"href":"https:\/\/encuentroinformativo.com.mx\/index.php?rest_route=%2Fwp%2Fv2%2Fmedia&parent=18077"}],"wp:term":[{"taxonomy":"category","embeddable":true,"href":"https:\/\/encuentroinformativo.com.mx\/index.php?rest_route=%2Fwp%2Fv2%2Fcategories&post=18077"},{"taxonomy":"post_tag","embeddable":true,"href":"https:\/\/encuentroinformativo.com.mx\/index.php?rest_route=%2Fwp%2Fv2%2Ftags&post=18077"}],"curies":[{"name":"wp","href":"https:\/\/api.w.org\/{rel}","templated":true}]}}