{"id":18080,"date":"2021-09-05T16:15:04","date_gmt":"2021-09-05T21:15:04","guid":{"rendered":"https:\/\/encuentroinformativo.com.mx\/?p=18080"},"modified":"2021-09-05T16:15:08","modified_gmt":"2021-09-05T21:15:08","slug":"se-triplican-casos-de-covid-en-poblacion-infantil","status":"publish","type":"post","link":"https:\/\/encuentroinformativo.com.mx\/?p=18080","title":{"rendered":"Se triplican casos de Covid en poblaci\u00f3n infantil"},"content":{"rendered":"\n<p><strong>Juan Arcos<\/strong><\/p>\n\n\n\n<p>Xalapa, Ver.- En Xalapa han repuntado los contagios de SARS-COV-2 (COVID-19) en ni\u00f1os y j\u00f3venes durante los \u00faltimos dos meses.<\/p>\n\n\n\n<p>De acuerdo con el presidente de la Sociedad de Pediatr\u00eda en Xalapa, Daniel Chan V\u00e1zquez, estos casos se han triplicado en la capital del estado.<\/p>\n\n\n\n<p>&#8220;El a\u00f1o pasado a estas alturas hab\u00edamos atendido a muy pocos ni\u00f1os con Covid, pero en los \u00faltimos dos meses estoy seguro que muchos de los pediatras que vemos ni\u00f1os infectados se ha triplicado las cifras\u201d, expres\u00f3 el m\u00e9dico especialista.<\/p>\n\n\n\n<p>Aunque no todos los menores han padecido complicaciones por esta enfermedad, s\u00ed se han registrado defunciones.<\/p>\n\n\n\n<p>Las consultas m\u00e9dicas para ni\u00f1as y ni\u00f1os han aumentado, en su mayor\u00eda, llegan con problemas respiratorios y resultado positivo a COVID-19.<\/p>\n\n\n\n<p>Esto ha sido m\u00e1s com\u00fan en ni\u00f1os y j\u00f3venes, de entre cinco y 15 a\u00f1os de edad, quienes no han sido vacunados contra el coronavirus.<\/p>\n\n\n\n<p>\u201cEn Estados Unidos ya hay autorizaci\u00f3n para aplicarla vacuna a ni\u00f1os de cinco a\u00f1os en adelante, esperamos que las legislaciones de nuestro pa\u00eds puedan dar ese visto bueno ante la contingencia para poder empezar a vacunar ni\u00f1os\u201d.<\/p>\n\n\n\n<p>Chan V\u00e1zquez mencion\u00f3 que el mayor n\u00famero de casos se registra en Xalapa; sin embargo, la situaci\u00f3n tambi\u00e9n ocurre en municipios aleda\u00f1os.<\/p>\n\n\n\n<p><\/p>\n","protected":false},"excerpt":{"rendered":"<p>Juan Arcos Xalapa, Ver.- En Xalapa han repuntado los contagios de SARS-COV-2 (COVID-19) en ni\u00f1os y j\u00f3venes durante los \u00faltimos dos meses. De acuerdo con el presidente de la Sociedad de Pediatr\u00eda en Xalapa, Daniel Chan V\u00e1zquez, estos casos se han triplicado en la capital del estado. &#8220;El a\u00f1o pasado a estas alturas hab\u00edamos atendido [&hellip;]<\/p>\n","protected":false},"author":1,"featured_media":18081,"comment_status":"open","ping_status":"open","sticky":false,"template":"","format":"standard","meta":{"_jetpack_memberships_contains_paid_content":false,"footnotes":""},"categories":[9],"tags":[],"class_list":["post-18080","post","type-post","status-publish","format-standard","has-post-thumbnail","hentry","category-salud"],"jetpack_featured_media_url":"https:\/\/encuentroinformativo.com.mx\/wp-content\/uploads\/2021\/09\/1187CF15-9DC7-45BC-8C6A-60ACCD305D7F.jpeg","jetpack_sharing_enabled":true,"jetpack_likes_enabled":true,"amp_enabled":true,"_links":{"self":[{"href":"https:\/\/encuentroinformativo.com.mx\/index.php?rest_route=\/wp\/v2\/posts\/18080","targetHints":{"allow":["GET"]}}],"collection":[{"href":"https:\/\/encuentroinformativo.com.mx\/index.php?rest_route=\/wp\/v2\/posts"}],"about":[{"href":"https:\/\/encuentroinformativo.com.mx\/index.php?rest_route=\/wp\/v2\/types\/post"}],"author":[{"embeddable":true,"href":"https:\/\/encuentroinformativo.com.mx\/index.php?rest_route=\/wp\/v2\/users\/1"}],"replies":[{"embeddable":true,"href":"https:\/\/encuentroinformativo.com.mx\/index.php?rest_route=%2Fwp%2Fv2%2Fcomments&post=18080"}],"version-history":[{"count":1,"href":"https:\/\/encuentroinformativo.com.mx\/index.php?rest_route=\/wp\/v2\/posts\/18080\/revisions"}],"predecessor-version":[{"id":18082,"href":"https:\/\/encuentroinformativo.com.mx\/index.php?rest_route=\/wp\/v2\/posts\/18080\/revisions\/18082"}],"wp:featuredmedia":[{"embeddable":true,"href":"https:\/\/encuentroinformativo.com.mx\/index.php?rest_route=\/wp\/v2\/media\/18081"}],"wp:attachment":[{"href":"https:\/\/encuentroinformativo.com.mx\/index.php?rest_route=%2Fwp%2Fv2%2Fmedia&parent=18080"}],"wp:term":[{"taxonomy":"category","embeddable":true,"href":"https:\/\/encuentroinformativo.com.mx\/index.php?rest_route=%2Fwp%2Fv2%2Fcategories&post=18080"},{"taxonomy":"post_tag","embeddable":true,"href":"https:\/\/encuentroinformativo.com.mx\/index.php?rest_route=%2Fwp%2Fv2%2Ftags&post=18080"}],"curies":[{"name":"wp","href":"https:\/\/api.w.org\/{rel}","templated":true}]}}