{"id":18083,"date":"2021-09-05T17:05:38","date_gmt":"2021-09-05T22:05:38","guid":{"rendered":"https:\/\/encuentroinformativo.com.mx\/?p=18083"},"modified":"2021-09-05T17:05:42","modified_gmt":"2021-09-05T22:05:42","slug":"confirman-contagios-covid-en-docentes-de-coatepec","status":"publish","type":"post","link":"https:\/\/encuentroinformativo.com.mx\/?p=18083","title":{"rendered":"Confirman contagios Covid en docentes de Coatepec"},"content":{"rendered":"\n<p><strong>Juan Arcos<\/strong> <\/p>\n\n\n\n<p>Xalapa, Ver.- En la escuela primaria \u201cJos\u00e9 Mar\u00eda Morelos y Pav\u00f3n\u201d se han registrado contagios de SARS-COV-2 (COVID-19) entre los docentes de este plantel ubicado en el Centro Hist\u00f3rico de Coatepec.<\/p>\n\n\n\n<p>En una denuncia an\u00f3nima, madres y padres de familia mencionaron que la instituci\u00f3n les inform\u00f3 sobre cuatro catedr\u00e1ticos que dieron positivo a dicha enfermedad y otros m\u00e1s que se encontraban en observaci\u00f3n.<\/p>\n\n\n\n<p>Por este motivo, las clases presenciales fueron suspendidas en el plantel, ubicado sobre la calle Zamora casi esquina con Jim\u00e9nez del Campillo.<\/p>\n\n\n\n<p>Los tutores reportaron que desde el jueves pasado tres docentes no se presentaron a laborar, debido a que se encontraban en observaci\u00f3n.<\/p>\n\n\n\n<p>Por ese motivo, las mam\u00e1s y pap\u00e1s fueron notificados acerca de que las clases continuar\u00edan de manera virtual, para garantizar la salud de los estudiantes.<\/p>\n\n\n\n<p>En ese sentido, se acord\u00f3 que las clases presenciales ser\u00e1n reanudadas cuando los maestros se hayan recuperado y el sem\u00e1foro epidemiol\u00f3gico cambie a color verde.<\/p>\n\n\n\n<p>Los padres de familia consideraron que a\u00fan no hay condiciones para el retorno a las aulas, toda vez que los contagios han sido constantes en distintos planteles de la entidad.<\/p>\n\n\n\n<p>\u201cLas autoridades quisieron que las escuelas abrieran y ah\u00ed est\u00e1 el resultado, maestros y alumnos contagiados, porque se expone a todos, la situaci\u00f3n en contagios es grave y esto no le importa a la autoridad\u201d, comentaron.<\/p>\n\n\n\n<p><strong>DIRECTORA CONFIRMA CONTAGIOS\u00a0<\/strong><\/p>\n\n\n\n<p>Por su parte, la directora del plantel, Mar\u00eda del Socorro Mortera Mill\u00e1n, asever\u00f3 que en ning\u00fan momento se ha obligado a los docentes para que acudan a laborar aunque presenten s\u00edntomas de coronavirus.<\/p>\n\n\n\n<p>\u201cCr\u00e9ame, como responsable de la escuela, ser\u00eda sumamente irresponsable de mi parte, hacer que los docentes que presentan s\u00edntomas o que ya est\u00e1n contagiados, se presenten a laborar, siendo que una de las prioridades que tenemos y debemos salvaguardar, es la salud de nuestros ni\u00f1os y nuestras ni\u00f1as\u201d.<\/p>\n\n\n\n<p>Tambi\u00e9n recalc\u00f3 que las autoridades no est\u00e1n tomando en consideraci\u00f3n que el riesgo es latente para la comunidad escolar con las clases presenciales, debido a que los contagios siguen en aumento en el estado.<\/p>\n\n\n\n<p>\u201cLas autoridades no est\u00e1n tomando en consideraci\u00f3n estas situaciones a las que nos exponemos tanto directivos y docentes por acatar una disposici\u00f3n y los padres\/madres de familia que voluntariamente env\u00edan a sus hijos e hijas sin considerar la gravedad de la situaci\u00f3n sanitaria\u201d, expuso la acad\u00e9mica.<\/p>\n\n\n\n<p>Cabe recordar que las clases presenciales tambi\u00e9n han sido suspendidas en escuelas de Xalapa, Veracruz y otros municipios por contagios de coronavirus entre la comunidad escolar.<\/p>\n","protected":false},"excerpt":{"rendered":"<p>Juan Arcos Xalapa, Ver.- En la escuela primaria \u201cJos\u00e9 Mar\u00eda Morelos y Pav\u00f3n\u201d se han registrado contagios de SARS-COV-2 (COVID-19) entre los docentes de este plantel ubicado en el Centro Hist\u00f3rico de Coatepec. En una denuncia an\u00f3nima, madres y padres de familia mencionaron que la instituci\u00f3n les inform\u00f3 sobre cuatro catedr\u00e1ticos que dieron positivo a [&hellip;]<\/p>\n","protected":false},"author":1,"featured_media":18084,"comment_status":"open","ping_status":"open","sticky":false,"template":"","format":"standard","meta":{"_jetpack_memberships_contains_paid_content":false,"footnotes":""},"categories":[9],"tags":[],"class_list":["post-18083","post","type-post","status-publish","format-standard","has-post-thumbnail","hentry","category-salud"],"jetpack_featured_media_url":"https:\/\/encuentroinformativo.com.mx\/wp-content\/uploads\/2021\/09\/9164693A-BEF4-45AF-9FD9-8AD3F2F4207B.jpeg","jetpack_sharing_enabled":true,"jetpack_likes_enabled":true,"amp_enabled":true,"_links":{"self":[{"href":"https:\/\/encuentroinformativo.com.mx\/index.php?rest_route=\/wp\/v2\/posts\/18083","targetHints":{"allow":["GET"]}}],"collection":[{"href":"https:\/\/encuentroinformativo.com.mx\/index.php?rest_route=\/wp\/v2\/posts"}],"about":[{"href":"https:\/\/encuentroinformativo.com.mx\/index.php?rest_route=\/wp\/v2\/types\/post"}],"author":[{"embeddable":true,"href":"https:\/\/encuentroinformativo.com.mx\/index.php?rest_route=\/wp\/v2\/users\/1"}],"replies":[{"embeddable":true,"href":"https:\/\/encuentroinformativo.com.mx\/index.php?rest_route=%2Fwp%2Fv2%2Fcomments&post=18083"}],"version-history":[{"count":1,"href":"https:\/\/encuentroinformativo.com.mx\/index.php?rest_route=\/wp\/v2\/posts\/18083\/revisions"}],"predecessor-version":[{"id":18085,"href":"https:\/\/encuentroinformativo.com.mx\/index.php?rest_route=\/wp\/v2\/posts\/18083\/revisions\/18085"}],"wp:featuredmedia":[{"embeddable":true,"href":"https:\/\/encuentroinformativo.com.mx\/index.php?rest_route=\/wp\/v2\/media\/18084"}],"wp:attachment":[{"href":"https:\/\/encuentroinformativo.com.mx\/index.php?rest_route=%2Fwp%2Fv2%2Fmedia&parent=18083"}],"wp:term":[{"taxonomy":"category","embeddable":true,"href":"https:\/\/encuentroinformativo.com.mx\/index.php?rest_route=%2Fwp%2Fv2%2Fcategories&post=18083"},{"taxonomy":"post_tag","embeddable":true,"href":"https:\/\/encuentroinformativo.com.mx\/index.php?rest_route=%2Fwp%2Fv2%2Ftags&post=18083"}],"curies":[{"name":"wp","href":"https:\/\/api.w.org\/{rel}","templated":true}]}}