{"id":18087,"date":"2021-09-05T17:29:46","date_gmt":"2021-09-05T22:29:46","guid":{"rendered":"https:\/\/encuentroinformativo.com.mx\/?p=18087"},"modified":"2021-09-05T17:29:50","modified_gmt":"2021-09-05T22:29:50","slug":"pierden-produccion-de-cafe-por-grace","status":"publish","type":"post","link":"https:\/\/encuentroinformativo.com.mx\/?p=18087","title":{"rendered":"Pierden producci\u00f3n de caf\u00e9 por Grace"},"content":{"rendered":"\n<p><strong>Juan Arcos<\/strong><\/p>\n\n\n\n<p>Xalapa, Ver.- Productores de caf\u00e9 perdieron todos sus cultivos en los municipios de Naolinco y Chiconquiaco por el paso del hurac\u00e1n \u201cGrace\u201d en el estado de Veracruz.<\/p>\n\n\n\n<p>El gobierno federal impidi\u00f3 al Consejo Regional del Caf\u00e9 de Coatepec que contabilizara los da\u00f1os, bajo el argumento de que los afectados ser\u00edan censados para recibir apoyos.<\/p>\n\n\n\n<p>Sin embargo, el secretario de este consejo, Cirilo Elotl\u00e1n D\u00edaz, revel\u00f3 que las personas afectadas a\u00fan no han sido visitadas por el personal de la Federaci\u00f3n encargado de dichas acciones.<\/p>\n\n\n\n<p>Los cerros se deslavaron en dicha zona, cercana a la ciudad de Xalapa, y eso ocasion\u00f3 la p\u00e9rdida total de algunos cafetales.<\/p>\n\n\n\n<p>\u201cFue una p\u00e9rdida total, no hemos cuantificado la cifra de p\u00e9rdida, porque estamos esperando, se nos dijo que no nos meti\u00e9ramos, que iba a entrar el Ej\u00e9rcito a levantar un censo de todas esas p\u00e9rdidas. Dentro de poco vamos a ir a preguntarle a los productores para ver si efectivamente ya se dio este levantamiento del censo\u201d, expres\u00f3.<\/p>\n\n\n\n<p>En las zonas cafetaleras de Coatepec, Cosautl\u00e1n, Teocelo y Xico los da\u00f1os fueron menores; s\u00f3lo algunas ramas resultaron afectadas por los fuertes vientos que trajo consigo el fen\u00f3meno meteorol\u00f3gico.<\/p>\n\n\n\n<p>De acuerdo con Elotl\u00e1n D\u00edaz, ser\u00e1 complicado para los cafeticultores acceder a un apoyo del gobierno y as\u00ed resarcir los da\u00f1os en sus cultivos.<\/p>\n\n\n\n<p>\u201cHay un hermetismo por la informaci\u00f3n que se maneja por parte del gobierno federal y que lo quiere mantener controlado. Nosotros queremos ir y buscar a los compa\u00f1eros y que nos informen, pero nos dijeron: aqu\u00ed no permitiremos la entrada de organizaciones civiles ni nada de eso, aqu\u00ed el Ej\u00e9rcito es quien se va a encargar de hacer el levantamiento, de los siniestros, los padrones y despu\u00e9s cuantificar las p\u00e9rdidas\u201d, enfatiz\u00f3.<\/p>\n\n\n\n<p>Se estima que en el estado de Veracruz hay aproximadamente 90 mil productores de caf\u00e9 en las distintas regiones.<\/p>\n\n\n\n<p>Adem\u00e1s, las p\u00e9rdidas por el paso del hurac\u00e1n \u201cGrace\u201d en el territorio estatal no son tan graves, toda vez que s\u00f3lo en los municipios mencionados hubo afectaciones.\u00a0<\/p>\n","protected":false},"excerpt":{"rendered":"<p>Juan Arcos Xalapa, Ver.- Productores de caf\u00e9 perdieron todos sus cultivos en los municipios de Naolinco y Chiconquiaco por el paso del hurac\u00e1n \u201cGrace\u201d en el estado de Veracruz. El gobierno federal impidi\u00f3 al Consejo Regional del Caf\u00e9 de Coatepec que contabilizara los da\u00f1os, bajo el argumento de que los afectados ser\u00edan censados para recibir [&hellip;]<\/p>\n","protected":false},"author":1,"featured_media":6502,"comment_status":"open","ping_status":"open","sticky":false,"template":"","format":"standard","meta":{"_jetpack_memberships_contains_paid_content":false,"footnotes":""},"categories":[8],"tags":[],"class_list":["post-18087","post","type-post","status-publish","format-standard","has-post-thumbnail","hentry","category-region"],"jetpack_featured_media_url":"https:\/\/encuentroinformativo.com.mx\/wp-content\/uploads\/2020\/10\/CAFE-2.jpg","jetpack_sharing_enabled":true,"jetpack_likes_enabled":true,"amp_enabled":true,"_links":{"self":[{"href":"https:\/\/encuentroinformativo.com.mx\/index.php?rest_route=\/wp\/v2\/posts\/18087","targetHints":{"allow":["GET"]}}],"collection":[{"href":"https:\/\/encuentroinformativo.com.mx\/index.php?rest_route=\/wp\/v2\/posts"}],"about":[{"href":"https:\/\/encuentroinformativo.com.mx\/index.php?rest_route=\/wp\/v2\/types\/post"}],"author":[{"embeddable":true,"href":"https:\/\/encuentroinformativo.com.mx\/index.php?rest_route=\/wp\/v2\/users\/1"}],"replies":[{"embeddable":true,"href":"https:\/\/encuentroinformativo.com.mx\/index.php?rest_route=%2Fwp%2Fv2%2Fcomments&post=18087"}],"version-history":[{"count":1,"href":"https:\/\/encuentroinformativo.com.mx\/index.php?rest_route=\/wp\/v2\/posts\/18087\/revisions"}],"predecessor-version":[{"id":18088,"href":"https:\/\/encuentroinformativo.com.mx\/index.php?rest_route=\/wp\/v2\/posts\/18087\/revisions\/18088"}],"wp:featuredmedia":[{"embeddable":true,"href":"https:\/\/encuentroinformativo.com.mx\/index.php?rest_route=\/wp\/v2\/media\/6502"}],"wp:attachment":[{"href":"https:\/\/encuentroinformativo.com.mx\/index.php?rest_route=%2Fwp%2Fv2%2Fmedia&parent=18087"}],"wp:term":[{"taxonomy":"category","embeddable":true,"href":"https:\/\/encuentroinformativo.com.mx\/index.php?rest_route=%2Fwp%2Fv2%2Fcategories&post=18087"},{"taxonomy":"post_tag","embeddable":true,"href":"https:\/\/encuentroinformativo.com.mx\/index.php?rest_route=%2Fwp%2Fv2%2Ftags&post=18087"}],"curies":[{"name":"wp","href":"https:\/\/api.w.org\/{rel}","templated":true}]}}