{"id":18089,"date":"2021-09-06T09:05:04","date_gmt":"2021-09-06T14:05:04","guid":{"rendered":"https:\/\/encuentroinformativo.com.mx\/?p=18089"},"modified":"2021-09-06T09:05:07","modified_gmt":"2021-09-06T14:05:07","slug":"ultraderechistas-y-enfermedades-se-complica-el-pan-para-2024","status":"publish","type":"post","link":"https:\/\/encuentroinformativo.com.mx\/?p=18089","title":{"rendered":"ULTRADERECHISTAS Y ENFERMEDADES: SE COMPLICA EL PAN PARA 2024"},"content":{"rendered":"\n<p><strong>ColumnaSinNombre<br>@pablojair<\/strong><\/p>\n\n\n\n<ul class=\"wp-block-list\"><li>Falleci\u00f3 Luis Octavio Porte Petit Moreno.<\/li><li>Indisciplina en los Halcones de Xalapa.<\/li><li>Rumores de que s\u00f3lo ser\u00e1n unos d\u00edas m\u00e1s de clase.<\/li><\/ul>\n\n\n\n<p>No quieren vacunarse o ir clases,<br>pero ah\u00ed est\u00e1n los jarochos<br>atascando la fila para las donas gabachas\u2026<br>Ese es Veracruz en tiempos de pandemia.<br>&#8211;Chopenajawer<\/p>\n\n\n\n<p>Desde la semana pasada, el tema en la agenda nacional fue la reuni\u00f3n de senadores panistas con el dirigente de un partido espa\u00f1ol de ultraderecha llamado Vox, que es hasta repudiado en la Madre Patria.<\/p>\n\n\n\n<p>\u00bfQu\u00e9 le pas\u00f3 al senador veracruzano Julen Rementer\u00eda, coordinador de la bancada panista en el Senado?<\/p>\n\n\n\n<p>Sin medir las consecuencias, hizo un evento abierto con ese personaje y hasta lo publicitaron con la firma de una \u201ccarta\u201d donde se \u201ccomprometen\u201d a combatir el comunismo\u2026 como si vivi\u00e9semos todav\u00eda en el siglo pasado o en \u00e9pocas de la guerra fr\u00eda.<\/p>\n\n\n\n<p>Fueron los mismos panistas los que reprobaron y se deslindaron del evento, entre ellos incluso cr\u00edticos ac\u00e9rrimos de la Cuarta Transformeishion como Xochitl G\u00e1lvez.<\/p>\n\n\n\n<p>Quiz\u00e1s pensaron que era una buena idea, que traer\u00eda mucha relevancia sentarse con el dirigente ultraconservador, pero el tiro les sali\u00f3 por la culata y no hubo margen para control de da\u00f1os. A Julen parece que se le olvid\u00f3 que es de or\u00edgenes espa\u00f1oles y que muchos de ellos llegaron a refugiarse a M\u00e9xico huyendo del Franquismo en Espa\u00f1a; el mismo Franquismo que adora la gente de Vox.<\/p>\n\n\n\n<p>Pero ya el esc\u00e1ndalo se dio y ahora falta ver las consecuencias en el futuro.<\/p>\n\n\n\n<p>Por lo pronto, tanto Julen Rementer\u00eda como la senadora Indira de Jes\u00fas Rosales (tambi\u00e9n presente en el evento, con foto sonriente y toda la cosa, pero hace como que la virgencita le habla), siendo los senadores veracruzanos del PAN, ya pusieron en aprietos al quiz\u00e1s \u00fanico partido con fuerza para hacerla de adversario contra el \u201cpower\u201d de Morena en el estado.<\/p>\n\n\n\n<p>De igual manera, Rementer\u00eda suma un grave error en su carrera pol\u00edtica que le podr\u00eda costar la coordinaci\u00f3n en el Senado, cargo que \u2014se dice\u2014 le dieron de consolaci\u00f3n para que desistiera la lucha interna de la candidatura a la alcald\u00eda de Veracruz para su hijo Bingen.<\/p>\n\n\n\n<p>Pero en general, tanto Julen como Indira \u2014quien lleg\u00f3 como representante plurinominal por su \u00edntima cercan\u00eda a los Yunes\u2014 ya quedan totalmente desprestigiados de cualquier cr\u00edtica que puedan hacer a Morena, al presidente L\u00f3pez Obrador y hasta al gobernador Cuitl\u00e1huac, pues se \u201cquemaron\u201d (innecesariamente) como miembros de una ala ultraconservadora que s\u00f3lo fustigar\u00e1 porque as\u00ed convienen a sus intereses oscuros, con el sello de Vox y la extrema derecha, atacando con se\u00f1alamientos apestosos a intolerancia rancia y supremacista.<\/p>\n\n\n\n<p>A Indira incluso la reprob\u00f3 de refil\u00f3n el mism\u00edsimo alcalde de Veracruz, Fernando Yunes M\u00e1rquez, quien tambi\u00e9n critic\u00f3 en Twitter la reuni\u00f3n con Vox. Otro yunista de hueso azul que tambi\u00e9n critic\u00f3 en redes sociales fue Carlos Valenzuela.<\/p>\n\n\n\n<p>Y en este pa\u00eds, como qued\u00f3 demostrado con las cr\u00edticas, todo lo que apeste a ultraderecha (como a ultraizquierda, que representan personajes nefastos como Gerardo Fern\u00e1ndez Noro\u00f1a) es repudiado y s\u00f3lo un sector muy reducido de fan\u00e1ticos se pueden decir admiradores del fascismo en abierto.<\/p>\n\n\n\n<p>Pero hay otro dato que preocupa en el PAN.<\/p>\n\n\n\n<p>Si bien Julen ya queda en autom\u00e1tico descalificado como candidato a la gubernatura e Indira Rosales ni siquiera tiene posibilidades (la tuvieron contemplada para la alcald\u00eda de Veracruz, pero sus promotores se dieron cuenta que no ten\u00eda presencia ni simpat\u00eda), se abrir\u00edan otra vez las posibilidades para que los Yunes se treparan en el tren de la candidatura: Fernando, el presidente municipal de Veracruz, o Miguel \u00c1ngel, el excandidato perdedor de 2018 y a quien bajaron de la candidatura a la alcald\u00eda del puerto (dicen que todo apunta a que esa elecci\u00f3n se repetir\u00e1).<\/p>\n\n\n\n<p>No obstante, hay versiones de que tanto Fernando como Miguel todav\u00eda tendr\u00edan que enfrentar sendos procesos legales, lo que les anula sus aspiraciones para 2024.<\/p>\n\n\n\n<p>Este domingo, por ejemplo, el abogado penalista Jorge Reyes Peralta inform\u00f3 que el excandidato a la alcald\u00eda de Veracruz, Miguel \u00c1ngel Yunes M\u00e1rquez, debe presentarse a declarar por la falsificaci\u00f3n de documentos a su favor y si no lo hace, el juez de control deber\u00eda declararlo sustra\u00eddo de la justicia.<\/p>\n\n\n\n<p>En conferencia de prensa ofrecida este domingo, Reyes Peralta record\u00f3 que en ese caso se se\u00f1ala a un grupo de servidores p\u00fablicos y jefes de manzana de unirse para que el ex candidato obtuviera una constancia de residencia en el fraccionamiento Reforma del municipio de Veracruz, cuando su verdadero domicilio se ubica en el municipio de Alvarado.<\/p>\n\n\n\n<p>Dijo que en total son 6 denuncias acumuladas en el proceso penal 151\/2021 del Juzgado de Control de Pacho Viejo, pues la Fiscal\u00eda General del Estado imputa la probable comisi\u00f3n de los delitos de abuso de autoridad, coalici\u00f3n, tr\u00e1fico de influencias, falsificaci\u00f3n de documentos y falsificaci\u00f3n de t\u00edtulos contra la fe p\u00fablica.<\/p>\n\n\n\n<p>Se comenta que Miguel \u00c1ngel opt\u00f3 \u2014a rega\u00f1adientes\u2014 a hacer lo que hizo su padre: \u201cp\u00e9late del pa\u00eds, wey; all\u00e1 afuera es m\u00e1s f\u00e1cil defenderse y m\u00e1s dif\u00edcil que te apa\u00f1en\u201d.<\/p>\n\n\n\n<p>Pero hay otro rumor muy fuerte en el sentido de que el alcalde de Veracruz, Fernando Yunes, estar\u00eda sufriendo otra vez los s\u00edntomas de una enfermedad que ya hab\u00eda padecido hace algunos a\u00f1os y lo tuvieron muy grave.<\/p>\n\n\n\n<p>A eso habr\u00eda que sumarle que el mismo Reyes Peralta ya anunci\u00f3 que van a buscar desaforarlo por el mismo caso de su hermanito (andar jugando con papeles oficiales), pero de cualquier manera \u00e9l pierde el fuero en unos meses y ser\u00e1 otro ciudadano candidato\u2026 a pelarse del pa\u00eds.<\/p>\n\n\n\n<p>Como van las cosas, Julen e Indira no s\u00f3lo dinamitaron al PAN nacional y de Veracruz desde adentro, sino que tampoco se ven candidatos a la gubernatura del otro grupo fuerte, el de los Yunistas, salvo que en una de esas sea Maryjose Gamboa, la diputada federal.<\/p>\n\n\n\n<p>Y a todo esto \u00bfcu\u00e1l era el chincual de juntarse con un tipo non-grato? \u00bfQu\u00e9 excitaci\u00f3n hab\u00eda de tomarse la foto? \u00bfCu\u00e1l era la necesidad de empinarse solitos como chivitos en precipicio y de paso complicarle al PAN todo el escenario nacional y estatal?<\/p>\n\n\n\n<p>Verdaderamente complicada la tiene el PAN para 2024.<\/p>\n\n\n\n<p><strong>NOTA PARA PEGAR EN EL REFRI: <\/strong>Esta tarde de domingo &#8211;muy lluvioso&#8211; se dio a conocer el sentido fallecimiento del reconocido abogado Luis Octavio Porte Petit Moreno, quien fuese un destacado pol\u00edtico, servidor p\u00fablico y catedr\u00e1tico veracruzano, oriundo de C\u00f3rdoba. En Veracruz, la clase pol\u00edtica de anta\u00f1o lo recuerda como el secretario de Gobierno durante la administraci\u00f3n de Rafael Hern\u00e1ndez Ochoa, &#8220;cuando eran caballeros&#8221;, comenta un amigo. La facultad de Derecho de la Universidad Nacional Aut\u00f3noma de M\u00e9xico (UNAM) es que la que anunci\u00f3 el lamentable deceso. Descanse en paz.<\/p>\n\n\n\n<p><strong>OTRA NOTA: <\/strong>Aunque en un principio parec\u00eda ser un excelente anuncio el regreso del equipo de basquetbol profesional &#8220;Halcones de Xalapa&#8221; (especialmente por el legado que dejaron sus antecesores, antes de su desaparici\u00f3n) en pocas semanas se ha desbaratado el proyecto y no termin\u00f3 de cuajar. Ya de entrada, este fin de semana se dio a conocer que dos jugares y un directivo fueron dados de baja por andar de pachanga en un antro hasta el tope de gente en plena pandemia, cuando se supone que deber\u00edan cuidarse para evitar contagios. El asunto no es s\u00f3lo la indisciplina, es que ya pusieron en riesgo al resto del plantel y todo por irse de fiesta en el Veracruz hip\u00f3crita que no quiere regresar a clases presenciales, pero los antros los tienen hasta el full de llenos.<\/p>\n\n\n\n<p><strong>LA \u00daLTIMA PORQUE HAY QU\u00c9 LA DE \u201cOTRA RONDA\u201d:<\/strong> Hay un rumor de que en ciertas escuelas s\u00f3lo volvieron a clases presenciales para estar s\u00f3lo un par de semanas, cumplir con la fecha marcada por el gobierno, pero buscan retornar poco a poco a las clases virtuales; seg\u00fan versiones, los maestros estar\u00edan buscando ausentarse argumentando posible contagio de Covid. De hecho, hay casos ya irrisorios de gente que se dice contagiada apenas a una semana de iniciado el ciclo escolar, lo que obviamente no tiene nada qu\u00e9 ver con el retorno a las aulas, sino que ya ven\u00edan contagiados\u2026 Por lo que se ve, parece que se avecina una grave indolencia del sector magisterial\u2026 \u00bfLo aprobar\u00e1n en la SEV<\/p>\n","protected":false},"excerpt":{"rendered":"<p>ColumnaSinNombre@pablojair Falleci\u00f3 Luis Octavio Porte Petit Moreno. Indisciplina en los Halcones de Xalapa. Rumores de que s\u00f3lo ser\u00e1n unos d\u00edas m\u00e1s de clase. No quieren vacunarse o ir clases,pero ah\u00ed est\u00e1n los jarochosatascando la fila para las donas gabachas\u2026Ese es Veracruz en tiempos de pandemia.&#8211;Chopenajawer Desde la semana pasada, el tema en la agenda nacional [&hellip;]<\/p>\n","protected":false},"author":1,"featured_media":488,"comment_status":"open","ping_status":"open","sticky":false,"template":"","format":"standard","meta":{"_jetpack_memberships_contains_paid_content":false,"footnotes":""},"categories":[11],"tags":[],"class_list":["post-18089","post","type-post","status-publish","format-standard","has-post-thumbnail","hentry","category-opinion"],"jetpack_featured_media_url":"https:\/\/encuentroinformativo.com.mx\/wp-content\/uploads\/2020\/03\/F471F608-BA1A-416B-BA7B-BCFB24F4E6D0.jpeg","jetpack_sharing_enabled":true,"jetpack_likes_enabled":true,"amp_enabled":true,"_links":{"self":[{"href":"https:\/\/encuentroinformativo.com.mx\/index.php?rest_route=\/wp\/v2\/posts\/18089","targetHints":{"allow":["GET"]}}],"collection":[{"href":"https:\/\/encuentroinformativo.com.mx\/index.php?rest_route=\/wp\/v2\/posts"}],"about":[{"href":"https:\/\/encuentroinformativo.com.mx\/index.php?rest_route=\/wp\/v2\/types\/post"}],"author":[{"embeddable":true,"href":"https:\/\/encuentroinformativo.com.mx\/index.php?rest_route=\/wp\/v2\/users\/1"}],"replies":[{"embeddable":true,"href":"https:\/\/encuentroinformativo.com.mx\/index.php?rest_route=%2Fwp%2Fv2%2Fcomments&post=18089"}],"version-history":[{"count":1,"href":"https:\/\/encuentroinformativo.com.mx\/index.php?rest_route=\/wp\/v2\/posts\/18089\/revisions"}],"predecessor-version":[{"id":18090,"href":"https:\/\/encuentroinformativo.com.mx\/index.php?rest_route=\/wp\/v2\/posts\/18089\/revisions\/18090"}],"wp:featuredmedia":[{"embeddable":true,"href":"https:\/\/encuentroinformativo.com.mx\/index.php?rest_route=\/wp\/v2\/media\/488"}],"wp:attachment":[{"href":"https:\/\/encuentroinformativo.com.mx\/index.php?rest_route=%2Fwp%2Fv2%2Fmedia&parent=18089"}],"wp:term":[{"taxonomy":"category","embeddable":true,"href":"https:\/\/encuentroinformativo.com.mx\/index.php?rest_route=%2Fwp%2Fv2%2Fcategories&post=18089"},{"taxonomy":"post_tag","embeddable":true,"href":"https:\/\/encuentroinformativo.com.mx\/index.php?rest_route=%2Fwp%2Fv2%2Ftags&post=18089"}],"curies":[{"name":"wp","href":"https:\/\/api.w.org\/{rel}","templated":true}]}}