{"id":1809,"date":"2020-04-13T12:52:32","date_gmt":"2020-04-13T17:52:32","guid":{"rendered":"https:\/\/encuentroinformativo.com\/?p=1809"},"modified":"2020-04-13T12:52:35","modified_gmt":"2020-04-13T17:52:35","slug":"ventas-se-desplomaron-en-80-senalan-artesanos","status":"publish","type":"post","link":"https:\/\/encuentroinformativo.com.mx\/?p=1809","title":{"rendered":"Ventas se desplomaron en 80%, se\u00f1alan artesanos"},"content":{"rendered":"\n<p><strong>Dar\u00edo Pale <\/strong><\/p>\n\n\n\n<p>Xalapa, Ver.- La integrante del grupo Tlacoatzin, Claudia Lizeth, indic\u00f3 que les preocupa que su situaci\u00f3n se agrave con una posible ampliaci\u00f3n del aislamiento, esto debido a la pandemia o por el COVID-19.<\/p>\n\n\n\n<p>Entrevistada en las afueras del palacio municipal, donde los vendedores de artesan\u00edas de callej\u00f3n del Diamante reportan una ca\u00edda de sus ventas de hasta el 80 por ciento por los efectos de la pandemia del coronavirus.<\/p>\n\n\n\n<p>&#8220;Algunos han podido hacer cuarentena pero los que no hemos ido a vender y no hay ventas, est\u00e1 muy bajo. Antes de que cierren todo y nos proh\u00edban salir estamos solicitando un apoyo&#8221;, dio a conocer.<\/p>\n\n\n\n<p>Por ello pidieron el apoyo tanto del Gobierno del estado como del Ayuntamiento de Xalapa a fin de que los apoyen econ\u00f3micamente durante esta cuarentena y puedan resguardarse en sus casas.<\/p>\n\n\n\n<p>&#8220;Muchos pagamos renta porque no somos de aqu\u00ed, sino que desde hace muchos a\u00f1os vivimos aqu\u00ed, pero pagamos renta y tenemos hijos y otros gastos, si se puede pedimos que fuera en efectivo el apoyo&#8221;, finaliz\u00f3 la entrevistada.<\/p>\n\n\n\n<p><\/p>\n","protected":false},"excerpt":{"rendered":"<p>Dar\u00edo Pale Xalapa, Ver.- La integrante del grupo Tlacoatzin, Claudia Lizeth, indic\u00f3 que les preocupa que su situaci\u00f3n se agrave con una posible ampliaci\u00f3n del aislamiento, esto debido a la pandemia o por el COVID-19. Entrevistada en las afueras del palacio municipal, donde los vendedores de artesan\u00edas de callej\u00f3n del Diamante reportan una ca\u00edda de [&hellip;]<\/p>\n","protected":false},"author":1,"featured_media":1810,"comment_status":"open","ping_status":"open","sticky":false,"template":"","format":"standard","meta":{"_jetpack_memberships_contains_paid_content":false,"footnotes":""},"categories":[3],"tags":[],"class_list":["post-1809","post","type-post","status-publish","format-standard","has-post-thumbnail","hentry","category-xalapa"],"jetpack_featured_media_url":"https:\/\/encuentroinformativo.com.mx\/wp-content\/uploads\/2020\/04\/B2208CAC-6E61-498B-8A41-E6124DC64B27.jpeg","jetpack_sharing_enabled":true,"jetpack_likes_enabled":true,"amp_enabled":true,"_links":{"self":[{"href":"https:\/\/encuentroinformativo.com.mx\/index.php?rest_route=\/wp\/v2\/posts\/1809","targetHints":{"allow":["GET"]}}],"collection":[{"href":"https:\/\/encuentroinformativo.com.mx\/index.php?rest_route=\/wp\/v2\/posts"}],"about":[{"href":"https:\/\/encuentroinformativo.com.mx\/index.php?rest_route=\/wp\/v2\/types\/post"}],"author":[{"embeddable":true,"href":"https:\/\/encuentroinformativo.com.mx\/index.php?rest_route=\/wp\/v2\/users\/1"}],"replies":[{"embeddable":true,"href":"https:\/\/encuentroinformativo.com.mx\/index.php?rest_route=%2Fwp%2Fv2%2Fcomments&post=1809"}],"version-history":[{"count":1,"href":"https:\/\/encuentroinformativo.com.mx\/index.php?rest_route=\/wp\/v2\/posts\/1809\/revisions"}],"predecessor-version":[{"id":1811,"href":"https:\/\/encuentroinformativo.com.mx\/index.php?rest_route=\/wp\/v2\/posts\/1809\/revisions\/1811"}],"wp:featuredmedia":[{"embeddable":true,"href":"https:\/\/encuentroinformativo.com.mx\/index.php?rest_route=\/wp\/v2\/media\/1810"}],"wp:attachment":[{"href":"https:\/\/encuentroinformativo.com.mx\/index.php?rest_route=%2Fwp%2Fv2%2Fmedia&parent=1809"}],"wp:term":[{"taxonomy":"category","embeddable":true,"href":"https:\/\/encuentroinformativo.com.mx\/index.php?rest_route=%2Fwp%2Fv2%2Fcategories&post=1809"},{"taxonomy":"post_tag","embeddable":true,"href":"https:\/\/encuentroinformativo.com.mx\/index.php?rest_route=%2Fwp%2Fv2%2Ftags&post=1809"}],"curies":[{"name":"wp","href":"https:\/\/api.w.org\/{rel}","templated":true}]}}