{"id":18091,"date":"2021-09-06T09:13:48","date_gmt":"2021-09-06T14:13:48","guid":{"rendered":"https:\/\/encuentroinformativo.com.mx\/?p=18091"},"modified":"2021-09-06T09:13:51","modified_gmt":"2021-09-06T14:13:51","slug":"la-generacion-mc","status":"publish","type":"post","link":"https:\/\/encuentroinformativo.com.mx\/?p=18091","title":{"rendered":"La generaci\u00f3n MC"},"content":{"rendered":"\n<p><strong>Los Pol\u00edticos<\/strong><\/p>\n\n\n\n<p><strong>Salvador Mu\u00f1oz<\/strong><\/p>\n\n\n\n<p>Bajo el riesgo de cometer un error, creo que Dante Delgado Rannauro, entendido \u00e9ste como el Gur\u00fa de Movimiento Ciudadano, entiende la entreveraci\u00f3n de generaciones en la pol\u00edtica mejor que ning\u00fan otro y esto no es de ahora\u2026 poco a poco la ha ido armando, conformando, al grado de que podemos poner cuatro ejemplos inmediatos&nbsp; que hablan de la renovaci\u00f3n de cuadros tanto en el partido como en cargos de representaci\u00f3n popular:<\/p>\n\n\n\n<p>Enrique Alfaro, gobernador de Jalisco a sus 48 a\u00f1os, se convirti\u00f3 en uno de los grandes referentes de Movimiento Ciudadano, pero no como mandatario estatal, sino como presidente municipal de Guadalajara a sus 42 a\u00f1os aproximadamente. Fue el inicio.<\/p>\n\n\n\n<p>Otro ejemplo con un presidente municipal, \u00e9ste electo: Luis Donaldo Colosio Riojas, quien a sus 36 a\u00f1os llegar\u00e1 a sentarse en una de las sillas municipales de gran peso pol\u00edtico, econ\u00f3mico y social como es Monterrey, previo a ser diputado local del Congreso de Nuevo Le\u00f3n a sus 33 a\u00f1os aproximadamente, por la v\u00eda uninominal.<\/p>\n\n\n\n<p>Y ya que estamos en Nuevo Le\u00f3n, inevitable no citar al esposo de Mariana Rodr\u00edguez (es broma), Samuel Garc\u00eda Sep\u00falveda, gobernador electo de esta entidad a sus 33 a\u00f1os. A los 27 compiti\u00f3 para diputado local pero perdi\u00f3; no obstante, alcanz\u00f3 curul pluri; la sorpresa la dio en el 2018 cuando busca la senadur\u00eda y la gana\u2026<\/p>\n\n\n\n<p>El cuarto ejemplo perm\u00edtanme agruparlo en torno a la figura de Sergio Gil Rull\u00e1n, actual dirigente estatal de Movimiento Ciudadano en Veracruz. Con 32 a\u00f1os de vida, seguros pasados por terracer\u00eda pues se ve m\u00e1s grande (de edad), es el dirigente que logr\u00f3 hacer crecer a su partido en Veracruz por encima de lo que muchos ni esperaban, al contrario, hay quienes pensaban que en la entidad, el movimiento naranja iba a desaparecer\u2026<\/p>\n\n\n\n<p>La consolidaci\u00f3n por primera vez de una bancada propia (Maribel Ram\u00edrez Topete, El Chino Adri\u00e1n Avila, y Ruth Callejas) junto con triunfos en 17 municipios, yendo solos en las elecciones, hizo que otras entidades voltearan a Veracruz para tratar de entender qu\u00e9 es lo que hizo que mientras otros partidos que fueron en alianza cayeran por los motivos que uno quiera poner y pensar, Movimiento Ciudadano increment\u00f3 sus votos, por decir un ejemplo, del 2018 al 2021, tres veces m\u00e1s, posicionando a Veracruz entre los primeros cuatro que m\u00e1s votos aport\u00f3 a la causa naranja a nivel nacional.<\/p>\n\n\n\n<p>Hoy, Sergio Gil no s\u00f3lo encabeza la dirigencia estatal de Movimiento Ciudadano, sino tambi\u00e9n los cursos de capacitaci\u00f3n a otros comit\u00e9s estatales en aras de entender lo que ocurri\u00f3 en Veracruz donde antes, mucho antes de fin de a\u00f1o del 2020, las prospectivas que manejaba Sergio Gil, le permitieron ir siempre adelante del resto de los partidos, fueran en alianza o solos.<\/p>\n\n\n\n<p>Ahora que si hablamos de un dirigente joven, justo es hablar tambi\u00e9n de la Comisi\u00f3n Operativa que lo acompa\u00f1a: Ivonne Trujillo Ortiz, Sof\u00eda Yunes Gamboa, Elena C\u00f3rdova Molina, Alba Espinoza Baz\u00e1n, Rodolfo Quiroz Mar y Juan Santana Chang Navarrete as\u00ed como Dulce Mar\u00eda M\u00e9ndez de la Luz, presidenta del Consejo Estatal y Carlos Flores Calder\u00f3n como Secretario. Aunque vamos a cometer una indiscreci\u00f3n, salvo Carlos Flores y Sof\u00eda Yunes, que tienen 40 a\u00f1os, el resto oscila en el tercer piso.<\/p>\n\n\n\n<p>Cada uno de ellos tiene sus caracter\u00edsticas que lo hacen relevante para el partido; cada uno de ellos goza de un liderazgo regional que hace que el centralismo no se imagine en Movimiento Ciudadano.<\/p>\n\n\n\n<p>Pueden decir lo que quieran de Dante Delgado, pero el Senador, como gur\u00fa del partido, entiende a la perfecci\u00f3n el impulso a las nuevas generaciones pol\u00edticas\u2026 encaminadas, encauzadas y dispuestas a entender que tropezarse, caer y levantarse, es parte del aprender a ser y hacer pol\u00edtica.<\/p>\n\n\n\n<p><a href=\"mailto:smcainito@gmail.com\" target=\"_blank\" rel=\"noreferrer noopener\">smcainito@gmail.com<\/a><\/p>\n","protected":false},"excerpt":{"rendered":"<p>Los Pol\u00edticos Salvador Mu\u00f1oz Bajo el riesgo de cometer un error, creo que Dante Delgado Rannauro, entendido \u00e9ste como el Gur\u00fa de Movimiento Ciudadano, entiende la entreveraci\u00f3n de generaciones en la pol\u00edtica mejor que ning\u00fan otro y esto no es de ahora\u2026 poco a poco la ha ido armando, conformando, al grado de que podemos [&hellip;]<\/p>\n","protected":false},"author":1,"featured_media":387,"comment_status":"open","ping_status":"open","sticky":false,"template":"","format":"standard","meta":{"_jetpack_memberships_contains_paid_content":false,"footnotes":""},"categories":[11],"tags":[],"class_list":["post-18091","post","type-post","status-publish","format-standard","has-post-thumbnail","hentry","category-opinion"],"jetpack_featured_media_url":"https:\/\/encuentroinformativo.com.mx\/wp-content\/uploads\/2020\/03\/7CF8A22B-2764-47BE-8F7F-38FE9E5D6A2F.jpeg","jetpack_sharing_enabled":true,"jetpack_likes_enabled":true,"amp_enabled":true,"_links":{"self":[{"href":"https:\/\/encuentroinformativo.com.mx\/index.php?rest_route=\/wp\/v2\/posts\/18091","targetHints":{"allow":["GET"]}}],"collection":[{"href":"https:\/\/encuentroinformativo.com.mx\/index.php?rest_route=\/wp\/v2\/posts"}],"about":[{"href":"https:\/\/encuentroinformativo.com.mx\/index.php?rest_route=\/wp\/v2\/types\/post"}],"author":[{"embeddable":true,"href":"https:\/\/encuentroinformativo.com.mx\/index.php?rest_route=\/wp\/v2\/users\/1"}],"replies":[{"embeddable":true,"href":"https:\/\/encuentroinformativo.com.mx\/index.php?rest_route=%2Fwp%2Fv2%2Fcomments&post=18091"}],"version-history":[{"count":1,"href":"https:\/\/encuentroinformativo.com.mx\/index.php?rest_route=\/wp\/v2\/posts\/18091\/revisions"}],"predecessor-version":[{"id":18092,"href":"https:\/\/encuentroinformativo.com.mx\/index.php?rest_route=\/wp\/v2\/posts\/18091\/revisions\/18092"}],"wp:featuredmedia":[{"embeddable":true,"href":"https:\/\/encuentroinformativo.com.mx\/index.php?rest_route=\/wp\/v2\/media\/387"}],"wp:attachment":[{"href":"https:\/\/encuentroinformativo.com.mx\/index.php?rest_route=%2Fwp%2Fv2%2Fmedia&parent=18091"}],"wp:term":[{"taxonomy":"category","embeddable":true,"href":"https:\/\/encuentroinformativo.com.mx\/index.php?rest_route=%2Fwp%2Fv2%2Fcategories&post=18091"},{"taxonomy":"post_tag","embeddable":true,"href":"https:\/\/encuentroinformativo.com.mx\/index.php?rest_route=%2Fwp%2Fv2%2Ftags&post=18091"}],"curies":[{"name":"wp","href":"https:\/\/api.w.org\/{rel}","templated":true}]}}