{"id":18093,"date":"2021-09-06T10:00:59","date_gmt":"2021-09-06T15:00:59","guid":{"rendered":"https:\/\/encuentroinformativo.com.mx\/?p=18093"},"modified":"2021-09-06T10:01:03","modified_gmt":"2021-09-06T15:01:03","slug":"reanudan-clases-en-escuela-que-reporto-caso-de-covid","status":"publish","type":"post","link":"https:\/\/encuentroinformativo.com.mx\/?p=18093","title":{"rendered":"Reanudan clases en escuela que report\u00f3 caso de COVID"},"content":{"rendered":"\n<p><strong>Juan Arcos<\/strong><\/p>\n\n\n\n<p>Xalapa, Ver.- Aunque la semana pasada se report\u00f3 que una profesora dio positivo a SARS-COV-2 (COVID-19) y se suspendieron las clases presenciales en la escuela secundaria general n\u00famero 3 \u201cAntol\u00edn Torres Mendieta\u201d, este lunes los alumnos regresaron a las aulas.<\/p>\n\n\n\n<p>Madres y padres de familia llevaron a decenas de estudiantes para que continuaran sus clases de manera presencial por temor a que fuesen afectados con inasistencias.<\/p>\n\n\n\n<p>Alejandra Reyes, madre de uno de los alumnos, tambi\u00e9n es profesora y est\u00e1 consciente de que es latente el riesgo en el retorno a las aulas.<\/p>\n\n\n\n<p>\u201cYo tambi\u00e9n soy maestra y estoy dando clases en l\u00ednea hasta el momento. Mi postura cuando vine a inscribir era de no traerlo pero si lo van a afectar con faltas no puedo permitirlo\u201d, expres\u00f3.<\/p>\n\n\n\n<p>Algunos tutores no estaban informados de que se hab\u00eda registrado un caso positivo de coronavirus en el plantel, debido al \u201chermetismo\u201d por parte de las autoridades educativas sobre el tema.<\/p>\n\n\n\n<p>Hay una gran preocupaci\u00f3n entre madres y padres de familia sobre las clases presenciales, toda vez que las y los adolescentes a\u00fan no han sido vacunados contra COVID-19.<\/p>\n\n\n\n<p>\u201cMi hijo que tome su primer d\u00eda de clases presenciales y ya los siguientes d\u00edas muy posiblemente no venga porque estoy temerosa de que se vayan a contagiar y no est\u00e1n vacunados\u201d.\u00a0<\/p>\n\n\n\n<p>La mayor\u00eda de los menores acudi\u00f3 con cubrebocas, careta y gel antibacterial para evitar la propagaci\u00f3n de la enfermedad.\u00a0<br>Adem\u00e1s, las mam\u00e1s y pap\u00e1s dijeron confiar en que la escuela aplicar\u00eda las medidas sanitarias necesarias para garantizar la integridad y la salud de la comunidad escolar.<\/p>\n\n\n\n<p>La escuela secundaria general n\u00famero 3 se encuentra sobre la\u00a0<a href=\"https:\/\/www.google.com\/maps\/search\/privada+Primo+Tapia+n%C3%BAmero+8?entry=gmail&amp;source=g\">privada Primo Tapia n\u00famero 8<\/a>\u00a0de la colonia Emiliano Zapata, ingresando por el circuito Presidentes.\u00a0<\/p>\n","protected":false},"excerpt":{"rendered":"<p>Juan Arcos Xalapa, Ver.- Aunque la semana pasada se report\u00f3 que una profesora dio positivo a SARS-COV-2 (COVID-19) y se suspendieron las clases presenciales en la escuela secundaria general n\u00famero 3 \u201cAntol\u00edn Torres Mendieta\u201d, este lunes los alumnos regresaron a las aulas. Madres y padres de familia llevaron a decenas de estudiantes para que continuaran [&hellip;]<\/p>\n","protected":false},"author":1,"featured_media":18094,"comment_status":"open","ping_status":"open","sticky":false,"template":"","format":"standard","meta":{"_jetpack_memberships_contains_paid_content":false,"footnotes":""},"categories":[3],"tags":[],"class_list":["post-18093","post","type-post","status-publish","format-standard","has-post-thumbnail","hentry","category-xalapa"],"jetpack_featured_media_url":"https:\/\/encuentroinformativo.com.mx\/wp-content\/uploads\/2021\/09\/6CAEB833-0409-443E-8780-EDEFB0F3E4EF.jpeg","jetpack_sharing_enabled":true,"jetpack_likes_enabled":true,"amp_enabled":true,"_links":{"self":[{"href":"https:\/\/encuentroinformativo.com.mx\/index.php?rest_route=\/wp\/v2\/posts\/18093","targetHints":{"allow":["GET"]}}],"collection":[{"href":"https:\/\/encuentroinformativo.com.mx\/index.php?rest_route=\/wp\/v2\/posts"}],"about":[{"href":"https:\/\/encuentroinformativo.com.mx\/index.php?rest_route=\/wp\/v2\/types\/post"}],"author":[{"embeddable":true,"href":"https:\/\/encuentroinformativo.com.mx\/index.php?rest_route=\/wp\/v2\/users\/1"}],"replies":[{"embeddable":true,"href":"https:\/\/encuentroinformativo.com.mx\/index.php?rest_route=%2Fwp%2Fv2%2Fcomments&post=18093"}],"version-history":[{"count":1,"href":"https:\/\/encuentroinformativo.com.mx\/index.php?rest_route=\/wp\/v2\/posts\/18093\/revisions"}],"predecessor-version":[{"id":18095,"href":"https:\/\/encuentroinformativo.com.mx\/index.php?rest_route=\/wp\/v2\/posts\/18093\/revisions\/18095"}],"wp:featuredmedia":[{"embeddable":true,"href":"https:\/\/encuentroinformativo.com.mx\/index.php?rest_route=\/wp\/v2\/media\/18094"}],"wp:attachment":[{"href":"https:\/\/encuentroinformativo.com.mx\/index.php?rest_route=%2Fwp%2Fv2%2Fmedia&parent=18093"}],"wp:term":[{"taxonomy":"category","embeddable":true,"href":"https:\/\/encuentroinformativo.com.mx\/index.php?rest_route=%2Fwp%2Fv2%2Fcategories&post=18093"},{"taxonomy":"post_tag","embeddable":true,"href":"https:\/\/encuentroinformativo.com.mx\/index.php?rest_route=%2Fwp%2Fv2%2Ftags&post=18093"}],"curies":[{"name":"wp","href":"https:\/\/api.w.org\/{rel}","templated":true}]}}