{"id":18099,"date":"2021-09-06T12:35:18","date_gmt":"2021-09-06T17:35:18","guid":{"rendered":"https:\/\/encuentroinformativo.com.mx\/?p=18099"},"modified":"2021-09-06T12:35:21","modified_gmt":"2021-09-06T17:35:21","slug":"se-registro-percance-entre-servicio-urbano-y-camioneta-de-lujo","status":"publish","type":"post","link":"https:\/\/encuentroinformativo.com.mx\/?p=18099","title":{"rendered":"Se registr\u00f3 percance entre servicio urbano y camioneta de lujo"},"content":{"rendered":"\n<p><strong>Juan Arcos <\/strong><\/p>\n\n\n\n<p>Xalapa, Ver.- Un choque entre un veh\u00edculo particular y un cami\u00f3n del servicio urbano de Xalapa se registr\u00f3 sobre la calle Salvador D\u00edaz Mir\u00f3n, en las inmediaciones del parque \u201cMiguel Hidalgo y Costilla\u201d, mejor conocido como \u201cLos Berros\u201d.<\/p>\n\n\n\n<p>Los hechos ocurrieron despu\u00e9s de las 10:00 horas este lunes 6 de septiembre, cuando el autob\u00fas se encontraba en la parada, entre las calles Juventino Rosas y el Callej\u00f3n de la Calavera.<\/p>\n\n\n\n<p>El conductor de la unidad de transporte p\u00fablico, quien solicit\u00f3 el anonimato, detall\u00f3 que una camioneta, color negra, marca Lincoln, pas\u00f3 llev\u00e1ndose parte de la defensa delantera.<\/p>\n\n\n\n<p>Se trata del cami\u00f3n, con n\u00famero econ\u00f3mico 526, ruta CAXA-Plaza Am\u00e9ricas- Bugambilias de la Sociedad Cooperativa de Camioneros del Servicio Urbano de Xalapa.<\/p>\n\n\n\n<p>Mientras que la camioneta result\u00f3 con abolladuras y da\u00f1os en la pintura de las puertas derechas.<\/p>\n\n\n\n<p>Al lugar arribaron agentes y peritos de la Direcci\u00f3n General de Tr\u00e1nsito del Estado para determinar la causa del accidente.<\/p>\n\n\n\n<p>\u201cVengo circulando rumbo a San Jos\u00e9, el conductor de la camioneta viene del lado izquierdo pero se le mete otro enfrente y se engancha con la defensa. La defensa me la jal\u00f3 hacia adelante, dice que no, que yo se lo avent\u00e9, pero el golpe hubiese sido hacia atr\u00e1s, \u00e9l pas\u00f3 tall\u00e1ndose y se fue a parar hasta all\u00e1 adelante\u201d, expres\u00f3 el camionero.<\/p>\n\n\n\n<p>Por su parte, el conductor de la camioneta de lujo culp\u00f3 al chofer de haberle \u201caventado\u201d la unidad cuando circulaba a un costado.<\/p>\n\n\n\n<p>Ambas unidades ser\u00edan trasladadas al corral\u00f3n, mientras es aclarada la situaci\u00f3n para que sean cubiertos los gastos de su reparaci\u00f3n.<\/p>\n","protected":false},"excerpt":{"rendered":"<p>Juan Arcos Xalapa, Ver.- Un choque entre un veh\u00edculo particular y un cami\u00f3n del servicio urbano de Xalapa se registr\u00f3 sobre la calle Salvador D\u00edaz Mir\u00f3n, en las inmediaciones del parque \u201cMiguel Hidalgo y Costilla\u201d, mejor conocido como \u201cLos Berros\u201d. Los hechos ocurrieron despu\u00e9s de las 10:00 horas este lunes 6 de septiembre, cuando el [&hellip;]<\/p>\n","protected":false},"author":1,"featured_media":18100,"comment_status":"open","ping_status":"open","sticky":false,"template":"","format":"standard","meta":{"_jetpack_memberships_contains_paid_content":false,"footnotes":""},"categories":[3],"tags":[],"class_list":["post-18099","post","type-post","status-publish","format-standard","has-post-thumbnail","hentry","category-xalapa"],"jetpack_featured_media_url":"https:\/\/encuentroinformativo.com.mx\/wp-content\/uploads\/2021\/09\/7A0C675D-7107-4057-B093-2CBB3C2CACDE.jpeg","jetpack_sharing_enabled":true,"jetpack_likes_enabled":true,"amp_enabled":true,"_links":{"self":[{"href":"https:\/\/encuentroinformativo.com.mx\/index.php?rest_route=\/wp\/v2\/posts\/18099","targetHints":{"allow":["GET"]}}],"collection":[{"href":"https:\/\/encuentroinformativo.com.mx\/index.php?rest_route=\/wp\/v2\/posts"}],"about":[{"href":"https:\/\/encuentroinformativo.com.mx\/index.php?rest_route=\/wp\/v2\/types\/post"}],"author":[{"embeddable":true,"href":"https:\/\/encuentroinformativo.com.mx\/index.php?rest_route=\/wp\/v2\/users\/1"}],"replies":[{"embeddable":true,"href":"https:\/\/encuentroinformativo.com.mx\/index.php?rest_route=%2Fwp%2Fv2%2Fcomments&post=18099"}],"version-history":[{"count":1,"href":"https:\/\/encuentroinformativo.com.mx\/index.php?rest_route=\/wp\/v2\/posts\/18099\/revisions"}],"predecessor-version":[{"id":18101,"href":"https:\/\/encuentroinformativo.com.mx\/index.php?rest_route=\/wp\/v2\/posts\/18099\/revisions\/18101"}],"wp:featuredmedia":[{"embeddable":true,"href":"https:\/\/encuentroinformativo.com.mx\/index.php?rest_route=\/wp\/v2\/media\/18100"}],"wp:attachment":[{"href":"https:\/\/encuentroinformativo.com.mx\/index.php?rest_route=%2Fwp%2Fv2%2Fmedia&parent=18099"}],"wp:term":[{"taxonomy":"category","embeddable":true,"href":"https:\/\/encuentroinformativo.com.mx\/index.php?rest_route=%2Fwp%2Fv2%2Fcategories&post=18099"},{"taxonomy":"post_tag","embeddable":true,"href":"https:\/\/encuentroinformativo.com.mx\/index.php?rest_route=%2Fwp%2Fv2%2Ftags&post=18099"}],"curies":[{"name":"wp","href":"https:\/\/api.w.org\/{rel}","templated":true}]}}