{"id":18102,"date":"2021-09-06T12:51:21","date_gmt":"2021-09-06T17:51:21","guid":{"rendered":"https:\/\/encuentroinformativo.com.mx\/?p=18102"},"modified":"2021-09-06T12:51:24","modified_gmt":"2021-09-06T17:51:24","slug":"no-hay-deceso-de-menores-por-covid-afirma-gobernador","status":"publish","type":"post","link":"https:\/\/encuentroinformativo.com.mx\/?p=18102","title":{"rendered":"No hay deceso de menores por Covid, afirma Gobernador"},"content":{"rendered":"\n<p><strong>Redacci\u00f3n<\/strong><\/p>\n\n\n\n<p>Xalapa, Ver.- El gobernador Cuitl\u00e1huac Garc\u00eda Jim\u00e9nez afirm\u00f3 que no se tienen registros sobre casos de menores que hayan perdido la vida a consecuencia de Covid, tal como lo dieran a conocer m\u00e9dicos pediatras durante el fin de semana.<\/p>\n\n\n\n<p>Cuestionado sobre las declaraciones de doctores sobre los casos de Covid y muertes de infantes, el ejecutivo estatal asever\u00f3 que \u00e9l \u201ctiene otros datos\u201d.<\/p>\n\n\n\n<p>\u201cLamento decir que no es as\u00ed, no tenemos fallecimientos de menores por Covid, pero si el doctor tiene otros datos que los muestre y demuestre. Triste ser\u00eda que hayan tergiversado lo que \u00e9l dijo para lanzar una noticia falsa no creo que lo haya dicho el doctor con todo respeto, si ha sucedido en otros lugares que lo relate as\u00ed\u201d.<\/p>\n\n\n\n<p>No es f\u00e1cil determinarlo porque los menores son asintom\u00e1ticos son muy leves llegan a detectarse porque se hacen la prueba por la cuesti\u00f3n de los adultos, enfatiz\u00f3.<\/p>\n\n\n\n<p>Garc\u00eda Jim\u00e9nez insisti\u00f3 en que la sintomatolog\u00eda que lleguen a presentar los ni\u00f1os \u201ces muy leve\u201d por lo que insisti\u00f3 que son los adultos los que deben vacunarse para prevenir los contagios; al tiempo que reiter\u00f3 es cuando un familiar enferma y se realizan las pruebas que se han detectado los casos en menores.<\/p>\n","protected":false},"excerpt":{"rendered":"<p>Redacci\u00f3n Xalapa, Ver.- El gobernador Cuitl\u00e1huac Garc\u00eda Jim\u00e9nez afirm\u00f3 que no se tienen registros sobre casos de menores que hayan perdido la vida a consecuencia de Covid, tal como lo dieran a conocer m\u00e9dicos pediatras durante el fin de semana. Cuestionado sobre las declaraciones de doctores sobre los casos de Covid y muertes de infantes, [&hellip;]<\/p>\n","protected":false},"author":1,"featured_media":10063,"comment_status":"open","ping_status":"open","sticky":false,"template":"","format":"standard","meta":{"_jetpack_memberships_contains_paid_content":false,"footnotes":""},"categories":[9],"tags":[],"class_list":["post-18102","post","type-post","status-publish","format-standard","has-post-thumbnail","hentry","category-salud"],"jetpack_featured_media_url":"https:\/\/encuentroinformativo.com.mx\/wp-content\/uploads\/2021\/01\/A1C0046A-F828-475F-B928-6FA7CCB3EA80.jpeg","jetpack_sharing_enabled":true,"jetpack_likes_enabled":true,"amp_enabled":true,"_links":{"self":[{"href":"https:\/\/encuentroinformativo.com.mx\/index.php?rest_route=\/wp\/v2\/posts\/18102","targetHints":{"allow":["GET"]}}],"collection":[{"href":"https:\/\/encuentroinformativo.com.mx\/index.php?rest_route=\/wp\/v2\/posts"}],"about":[{"href":"https:\/\/encuentroinformativo.com.mx\/index.php?rest_route=\/wp\/v2\/types\/post"}],"author":[{"embeddable":true,"href":"https:\/\/encuentroinformativo.com.mx\/index.php?rest_route=\/wp\/v2\/users\/1"}],"replies":[{"embeddable":true,"href":"https:\/\/encuentroinformativo.com.mx\/index.php?rest_route=%2Fwp%2Fv2%2Fcomments&post=18102"}],"version-history":[{"count":1,"href":"https:\/\/encuentroinformativo.com.mx\/index.php?rest_route=\/wp\/v2\/posts\/18102\/revisions"}],"predecessor-version":[{"id":18103,"href":"https:\/\/encuentroinformativo.com.mx\/index.php?rest_route=\/wp\/v2\/posts\/18102\/revisions\/18103"}],"wp:featuredmedia":[{"embeddable":true,"href":"https:\/\/encuentroinformativo.com.mx\/index.php?rest_route=\/wp\/v2\/media\/10063"}],"wp:attachment":[{"href":"https:\/\/encuentroinformativo.com.mx\/index.php?rest_route=%2Fwp%2Fv2%2Fmedia&parent=18102"}],"wp:term":[{"taxonomy":"category","embeddable":true,"href":"https:\/\/encuentroinformativo.com.mx\/index.php?rest_route=%2Fwp%2Fv2%2Fcategories&post=18102"},{"taxonomy":"post_tag","embeddable":true,"href":"https:\/\/encuentroinformativo.com.mx\/index.php?rest_route=%2Fwp%2Fv2%2Ftags&post=18102"}],"curies":[{"name":"wp","href":"https:\/\/api.w.org\/{rel}","templated":true}]}}