{"id":18107,"date":"2021-09-06T14:18:39","date_gmt":"2021-09-06T19:18:39","guid":{"rendered":"https:\/\/encuentroinformativo.com.mx\/?p=18107"},"modified":"2021-09-06T14:18:43","modified_gmt":"2021-09-06T19:18:43","slug":"tras-atentado-se-recupera-subprocurador-de-medio-ambiente","status":"publish","type":"post","link":"https:\/\/encuentroinformativo.com.mx\/?p=18107","title":{"rendered":"Tras atentado, se recupera subprocurador de Medio Ambiente"},"content":{"rendered":"\n<p><strong>Dar\u00edo Pale <\/strong><\/p>\n\n\n\n<p>Xalapa, Ver.- El subprocurador de Medio Ambiente, Ernesto Cuevas Hern\u00e1ndez, ya fue dado de alta el d\u00eda de hoy, as\u00ed lo confirm\u00f3 el gobernador de Veracruz, Cuitl\u00e1huac Garc\u00eda Jim\u00e9nez.<\/p>\n\n\n\n<p>En conferencia d e prensa realizada en la sala de Banderas de Palacio de Gobierno dio a conocer que, la Fiscal\u00eda General del Estado (FGE) avanza en la investigaci\u00f3n del caso, pero adelant\u00f3 que podr\u00edan ser seis los involucrados en el atentado que sufri\u00f3 el pasado 24 de julio sobre la avenida Xalapa y calle Villahermosa.<\/p>\n\n\n\n<p>Dio a conocer que dicho atentado, donde casi pierde la vida el subprocurador, mejor conocido como &#8220;Gallo Bolo&#8221;, fue planeado y reiter\u00f3 que son varios los involucrados.<\/p>\n\n\n\n<p>En ese tema inform\u00f3 que utilizaron varios autos y se est\u00e1 dando curso a la investigaci\u00f3n, por lo que en pr\u00f3ximos d\u00edas se esperan m\u00e1s resultados.<\/p>\n\n\n\n<p><strong>Proceden Contra Enfermera <\/strong><\/p>\n\n\n\n<p>En otro orden de ideas, del ejecutivo estatal dijo que ya se inici\u00f3 un procedimiento legal en contra de la enfermera que no aplic\u00f3 la vacuna a un joven.<\/p>\n\n\n\n<p>Dio a conocer que es por lo menos dos delitos que se ha iniciado este proceso y que uno de ellos incluso ser\u00eda corrupci\u00f3n.<\/p>\n\n\n\n<p>Dio a conocer que la enfermera que presuntamente hab\u00eda fingido la colocaci\u00f3n de la vacuna anticovid a un joven y que este mismo la exhibi\u00f3, fue suspendida de sus actividades.<\/p>\n\n\n\n<p>&#8220;Est\u00e1 separada y podr\u00eda perder la licencia como enfermera; no podr\u00eda volver a ejercer esa loable y muy reconocida labor de las enfermeras, no queremos que manche al gran grupo de enfermeras que est\u00e1n haciendo un esfuerzo enorme y les debemos un reconocimiento&#8221;, coment\u00f3.<\/p>\n\n\n\n<p>Finalmente en ese sentido, recalc\u00f3 que ser\u00e1 la Fiscal\u00eda General del Estado (FGE) quien se encargue de tipificar y determinar cuales son los delitos que la enfermera cometi\u00f3, pero adelant\u00f3 que &#8220;son delitos graves&#8221;.<\/p>\n","protected":false},"excerpt":{"rendered":"<p>Dar\u00edo Pale Xalapa, Ver.- El subprocurador de Medio Ambiente, Ernesto Cuevas Hern\u00e1ndez, ya fue dado de alta el d\u00eda de hoy, as\u00ed lo confirm\u00f3 el gobernador de Veracruz, Cuitl\u00e1huac Garc\u00eda Jim\u00e9nez. En conferencia d e prensa realizada en la sala de Banderas de Palacio de Gobierno dio a conocer que, la Fiscal\u00eda General del Estado [&hellip;]<\/p>\n","protected":false},"author":1,"featured_media":18097,"comment_status":"open","ping_status":"open","sticky":false,"template":"","format":"standard","meta":{"_jetpack_memberships_contains_paid_content":false,"footnotes":""},"categories":[2],"tags":[],"class_list":["post-18107","post","type-post","status-publish","format-standard","has-post-thumbnail","hentry","category-estado"],"jetpack_featured_media_url":"https:\/\/encuentroinformativo.com.mx\/wp-content\/uploads\/2021\/09\/D8C851EA-51C9-439A-9D7A-7931E5F9F372.jpeg","jetpack_sharing_enabled":true,"jetpack_likes_enabled":true,"amp_enabled":true,"_links":{"self":[{"href":"https:\/\/encuentroinformativo.com.mx\/index.php?rest_route=\/wp\/v2\/posts\/18107","targetHints":{"allow":["GET"]}}],"collection":[{"href":"https:\/\/encuentroinformativo.com.mx\/index.php?rest_route=\/wp\/v2\/posts"}],"about":[{"href":"https:\/\/encuentroinformativo.com.mx\/index.php?rest_route=\/wp\/v2\/types\/post"}],"author":[{"embeddable":true,"href":"https:\/\/encuentroinformativo.com.mx\/index.php?rest_route=\/wp\/v2\/users\/1"}],"replies":[{"embeddable":true,"href":"https:\/\/encuentroinformativo.com.mx\/index.php?rest_route=%2Fwp%2Fv2%2Fcomments&post=18107"}],"version-history":[{"count":1,"href":"https:\/\/encuentroinformativo.com.mx\/index.php?rest_route=\/wp\/v2\/posts\/18107\/revisions"}],"predecessor-version":[{"id":18108,"href":"https:\/\/encuentroinformativo.com.mx\/index.php?rest_route=\/wp\/v2\/posts\/18107\/revisions\/18108"}],"wp:featuredmedia":[{"embeddable":true,"href":"https:\/\/encuentroinformativo.com.mx\/index.php?rest_route=\/wp\/v2\/media\/18097"}],"wp:attachment":[{"href":"https:\/\/encuentroinformativo.com.mx\/index.php?rest_route=%2Fwp%2Fv2%2Fmedia&parent=18107"}],"wp:term":[{"taxonomy":"category","embeddable":true,"href":"https:\/\/encuentroinformativo.com.mx\/index.php?rest_route=%2Fwp%2Fv2%2Fcategories&post=18107"},{"taxonomy":"post_tag","embeddable":true,"href":"https:\/\/encuentroinformativo.com.mx\/index.php?rest_route=%2Fwp%2Fv2%2Ftags&post=18107"}],"curies":[{"name":"wp","href":"https:\/\/api.w.org\/{rel}","templated":true}]}}