{"id":18109,"date":"2021-09-06T14:44:52","date_gmt":"2021-09-06T19:44:52","guid":{"rendered":"https:\/\/encuentroinformativo.com.mx\/?p=18109"},"modified":"2021-09-06T14:44:56","modified_gmt":"2021-09-06T19:44:56","slug":"con-grito-de-independencia-habra-actividades-presenciales-en-el-puerto","status":"publish","type":"post","link":"https:\/\/encuentroinformativo.com.mx\/?p=18109","title":{"rendered":"Con grito de Independencia, habr\u00e1 actividades presenciales en el puerto"},"content":{"rendered":"\n<p><strong>Alejandro \u00c1vila<\/strong><\/p>\n\n\n\n<p>Veracruz, Ver. \u2013 El alcalde de Veracruz, Fernando Yunes M\u00e1rquez, confirm\u00f3 que se tiene programada una actividad presencial para el \u201cGrito de Independencia\u201d en el z\u00f3calo de Veracruz, donde adem\u00e1s de lo organizado por el Ayuntamiento, se sumar\u00e1n los empresarios de los bares y restaurantes del alrededor, con acciones extras durante \u201cIndependencia Peatonal\u201d.<\/p>\n\n\n\n<p>El edil panista mencion\u00f3 que, si bien hay un exhorto por parte del Gobierno del Estado de Veracruz, para no \u201cdar el grito\u201d en los z\u00f3calos de los municipios con sem\u00e1foro en rojo, expres\u00f3 tambi\u00e9n que se debe tener congruente y racional, pues en el municipio conurbado de Boca del R\u00edo, se permite que el d\u00eda 11 de septiembre haya un concierto (Cristian Nodal), para 5 mil personas en un lugar cerrado, pero no se les permite a ambos realizar los festejos patrios en espacios abiertos.<\/p>\n\n\n\n<p>\u201cNo veo la racionalidad entre, s\u00ed un concierto de 5 mil, pero no un evento de 200 en el z\u00f3calo, para que la gente que nos visita vea el danz\u00f3n, yo creo que hay que actuar de manera racional\u201d, subray\u00f3.<\/p>\n\n\n\n<p>Yunes M\u00e1rquez mencion\u00f3 que, durante esa semana, se expandir\u00e1 el programa \u201cIndependencia Peatonal\u201d, pues desde el mi\u00e9rcoles 15 de septiembre podr\u00e1n abrir sus bares y restaurantes para dar servicio a clientes en horarios m\u00e1s extendidos, incluso se cerrar\u00e1 la avenida Independencia durante la noche para realizar actividades culturares.<\/p>\n\n\n\n<p>\u201cYa igual lo platicamos con restauranteros, va a estar Independencia Peatonal, ellos esperan que sea una buena fecha en virtud de que cae ya hac\u00eda jueves, ya el d\u00eda de \u2018puente\u2019, el d\u00eda 16, y pues ojal\u00e1 que puedan tener una buena venta\u201d, remat\u00f3.<\/p>\n","protected":false},"excerpt":{"rendered":"<p>Alejandro \u00c1vila Veracruz, Ver. \u2013 El alcalde de Veracruz, Fernando Yunes M\u00e1rquez, confirm\u00f3 que se tiene programada una actividad presencial para el \u201cGrito de Independencia\u201d en el z\u00f3calo de Veracruz, donde adem\u00e1s de lo organizado por el Ayuntamiento, se sumar\u00e1n los empresarios de los bares y restaurantes del alrededor, con acciones extras durante \u201cIndependencia Peatonal\u201d. [&hellip;]<\/p>\n","protected":false},"author":1,"featured_media":18110,"comment_status":"open","ping_status":"open","sticky":false,"template":"","format":"standard","meta":{"_jetpack_memberships_contains_paid_content":false,"footnotes":""},"categories":[2],"tags":[],"class_list":["post-18109","post","type-post","status-publish","format-standard","has-post-thumbnail","hentry","category-estado"],"jetpack_featured_media_url":"https:\/\/encuentroinformativo.com.mx\/wp-content\/uploads\/2021\/09\/C13C6872-7073-43FD-BE5A-EB9D1A998A3F.jpeg","jetpack_sharing_enabled":true,"jetpack_likes_enabled":true,"amp_enabled":true,"_links":{"self":[{"href":"https:\/\/encuentroinformativo.com.mx\/index.php?rest_route=\/wp\/v2\/posts\/18109","targetHints":{"allow":["GET"]}}],"collection":[{"href":"https:\/\/encuentroinformativo.com.mx\/index.php?rest_route=\/wp\/v2\/posts"}],"about":[{"href":"https:\/\/encuentroinformativo.com.mx\/index.php?rest_route=\/wp\/v2\/types\/post"}],"author":[{"embeddable":true,"href":"https:\/\/encuentroinformativo.com.mx\/index.php?rest_route=\/wp\/v2\/users\/1"}],"replies":[{"embeddable":true,"href":"https:\/\/encuentroinformativo.com.mx\/index.php?rest_route=%2Fwp%2Fv2%2Fcomments&post=18109"}],"version-history":[{"count":1,"href":"https:\/\/encuentroinformativo.com.mx\/index.php?rest_route=\/wp\/v2\/posts\/18109\/revisions"}],"predecessor-version":[{"id":18111,"href":"https:\/\/encuentroinformativo.com.mx\/index.php?rest_route=\/wp\/v2\/posts\/18109\/revisions\/18111"}],"wp:featuredmedia":[{"embeddable":true,"href":"https:\/\/encuentroinformativo.com.mx\/index.php?rest_route=\/wp\/v2\/media\/18110"}],"wp:attachment":[{"href":"https:\/\/encuentroinformativo.com.mx\/index.php?rest_route=%2Fwp%2Fv2%2Fmedia&parent=18109"}],"wp:term":[{"taxonomy":"category","embeddable":true,"href":"https:\/\/encuentroinformativo.com.mx\/index.php?rest_route=%2Fwp%2Fv2%2Fcategories&post=18109"},{"taxonomy":"post_tag","embeddable":true,"href":"https:\/\/encuentroinformativo.com.mx\/index.php?rest_route=%2Fwp%2Fv2%2Ftags&post=18109"}],"curies":[{"name":"wp","href":"https:\/\/api.w.org\/{rel}","templated":true}]}}