{"id":18112,"date":"2021-09-06T15:15:18","date_gmt":"2021-09-06T20:15:18","guid":{"rendered":"https:\/\/encuentroinformativo.com.mx\/?p=18112"},"modified":"2021-09-06T15:15:22","modified_gmt":"2021-09-06T20:15:22","slug":"evangelicos-piden-a-scjn-rechazar-el-aborto","status":"publish","type":"post","link":"https:\/\/encuentroinformativo.com.mx\/?p=18112","title":{"rendered":"Evang\u00e9licos piden a SCJN rechazar el aborto"},"content":{"rendered":"\n<p><strong>Dar\u00edo Pale <\/strong><\/p>\n\n\n\n<p>Xalapa, Ver.- El presidente de la Red Evang\u00e9lica de Veracruz Guillermo Trujillo \u00c1lvarez dio a conocer que el d\u00eda de hoy m\u00e1s de 60 organizaciones pro vida hicieron llegar miles de firmas a la Suprema Corte de Justicia de la Naci\u00f3n (SCJN), para que no aprueben el aborto en el pa\u00eds, ya que Morena trae la cultura de la muerte.<\/p>\n\n\n\n<p>Entrevistado en conocido caf\u00e9 del centro de Xalapa, se\u00f1al\u00f3 que debido a que la SCJN discutir\u00e1 el d\u00eda de hoy la aprobaci\u00f3n del aborto en el pa\u00eds la Red evang\u00e9lica hizo in exhort\u00f3 para que esta ley no se apruebe ya que no se puede violentar la constituci\u00f3n y \u00a0solo por conceder caprichos de un grupo minoritario.<\/p>\n\n\n\n<p>Coment\u00f3 que estos grupos &#8220;est\u00e1n en contra de la vida, en contra de los no nacidos, en contra de los que no se pueden defender, y nosotros llevamos a\u00f1os diciendo que eso es un crimen ll\u00e1menle como le llamen es asesinar a personas no nacidas todav\u00eda&#8221;.<\/p>\n\n\n\n<p>Se\u00f1al\u00f3 que es impresionante esta cultura de la muerte que sobre los derechos de los no nacidos de los ni\u00f1os, ponen el derecho de la mujer y no debe de existir ning\u00fan derecho &#8220;por arriba de la vida&#8221;, ya que si no hay vida no existir\u00eda nada no hay derechos.<\/p>\n\n\n\n<p>&#8220;Nosotros reprobamos absolutamente que esto inclusive hoy se valla a debatir en la SCJN y con un sesgo hacia el apoyo al aborto eso est\u00e1 tremendo, nosotros por eso de manera pac\u00edfica, \u00a0ordenada, organizada nos pronunciamos he hicimos una carta dirigida con miles puedo asegurarte que millones de firmas de personas de la sociedad civil, no estamos hablando de religi\u00f3n, estamos hablando de vida o de muerte, se hizo llegar esta carta esperamos que la tomen en cuenta el presidente de la SCJN&#8221;, se\u00f1al\u00f3.<\/p>\n\n\n\n<p>Finalmente dio a conocer que espera que en esta ocasi\u00f3n la vida triunfe sobre la muerte esa el la lucha real, adem\u00e1s de que les hace falta representaci\u00f3n a los grupos minoritarios de pro vida en los congresos local y federal ya que Morena est\u00e1 gobernando con una ideolog\u00eda del aborto y la muerte, ya que s\u00f3lo obedecen \u00f3rdenes a intereses de empresarios.<\/p>\n","protected":false},"excerpt":{"rendered":"<p>Dar\u00edo Pale Xalapa, Ver.- El presidente de la Red Evang\u00e9lica de Veracruz Guillermo Trujillo \u00c1lvarez dio a conocer que el d\u00eda de hoy m\u00e1s de 60 organizaciones pro vida hicieron llegar miles de firmas a la Suprema Corte de Justicia de la Naci\u00f3n (SCJN), para que no aprueben el aborto en el pa\u00eds, ya que [&hellip;]<\/p>\n","protected":false},"author":1,"featured_media":18113,"comment_status":"open","ping_status":"open","sticky":false,"template":"","format":"standard","meta":{"_jetpack_memberships_contains_paid_content":false,"footnotes":""},"categories":[12],"tags":[],"class_list":["post-18112","post","type-post","status-publish","format-standard","has-post-thumbnail","hentry","category-nacional"],"jetpack_featured_media_url":"https:\/\/encuentroinformativo.com.mx\/wp-content\/uploads\/2021\/09\/6E6182AA-564F-4255-B8CE-73D33A910DD8.jpeg","jetpack_sharing_enabled":true,"jetpack_likes_enabled":true,"amp_enabled":true,"_links":{"self":[{"href":"https:\/\/encuentroinformativo.com.mx\/index.php?rest_route=\/wp\/v2\/posts\/18112","targetHints":{"allow":["GET"]}}],"collection":[{"href":"https:\/\/encuentroinformativo.com.mx\/index.php?rest_route=\/wp\/v2\/posts"}],"about":[{"href":"https:\/\/encuentroinformativo.com.mx\/index.php?rest_route=\/wp\/v2\/types\/post"}],"author":[{"embeddable":true,"href":"https:\/\/encuentroinformativo.com.mx\/index.php?rest_route=\/wp\/v2\/users\/1"}],"replies":[{"embeddable":true,"href":"https:\/\/encuentroinformativo.com.mx\/index.php?rest_route=%2Fwp%2Fv2%2Fcomments&post=18112"}],"version-history":[{"count":1,"href":"https:\/\/encuentroinformativo.com.mx\/index.php?rest_route=\/wp\/v2\/posts\/18112\/revisions"}],"predecessor-version":[{"id":18114,"href":"https:\/\/encuentroinformativo.com.mx\/index.php?rest_route=\/wp\/v2\/posts\/18112\/revisions\/18114"}],"wp:featuredmedia":[{"embeddable":true,"href":"https:\/\/encuentroinformativo.com.mx\/index.php?rest_route=\/wp\/v2\/media\/18113"}],"wp:attachment":[{"href":"https:\/\/encuentroinformativo.com.mx\/index.php?rest_route=%2Fwp%2Fv2%2Fmedia&parent=18112"}],"wp:term":[{"taxonomy":"category","embeddable":true,"href":"https:\/\/encuentroinformativo.com.mx\/index.php?rest_route=%2Fwp%2Fv2%2Fcategories&post=18112"},{"taxonomy":"post_tag","embeddable":true,"href":"https:\/\/encuentroinformativo.com.mx\/index.php?rest_route=%2Fwp%2Fv2%2Ftags&post=18112"}],"curies":[{"name":"wp","href":"https:\/\/api.w.org\/{rel}","templated":true}]}}