{"id":18115,"date":"2021-09-06T15:19:42","date_gmt":"2021-09-06T20:19:42","guid":{"rendered":"https:\/\/encuentroinformativo.com.mx\/?p=18115"},"modified":"2021-09-06T15:19:46","modified_gmt":"2021-09-06T20:19:46","slug":"baja-asistencia-de-menores-al-cadi","status":"publish","type":"post","link":"https:\/\/encuentroinformativo.com.mx\/?p=18115","title":{"rendered":"Baja asistencia de menores al CADI"},"content":{"rendered":"\n<p><strong>Alejandro \u00c1vila<\/strong><\/p>\n\n\n\n<p>Veracruz, Ver. \u2013 Tras evaluar todas las situaciones, una semana despu\u00e9s del regreso a clases oficial, tan solo 821 ni\u00f1os de los 3 mil que tienen registrados en los Centros Asistenciales de Desarrollo Infantil (CADI) en el puerto de Veracruz regresaron a sus aulas, bajo un modelo de ense\u00f1anza h\u00edbrida, pero de forma escalonada.<\/p>\n\n\n\n<p>Los alumnos de los 14 CADI o CAIC de Veracruz puerto, tomar\u00e1n la clase presencial una semana en aula, mientras que la semana siguiente la tomar\u00e1n desde casas para dar paso a otro grupo que acuda a la escuela, con la finalidad de solo tener a 10 peque\u00f1os dentro del sal\u00f3n de clases y procurar as\u00ed la sana distancia.<\/p>\n\n\n\n<p>\u201cIgualmente los horarios de entrada o salida y recreo est\u00e1n escalonados para que no todos los ni\u00f1os coincidan al mismo tiempo y as\u00ed poder insisto, tener esta distancia, que las maestras, maestros, puedan tener tambi\u00e9n un mejor control de ellos\u201d, explic\u00f3 el alcalde, Fernando Yunes M\u00e1rquez.<\/p>\n\n\n\n<p>Por su parte la directora del DIF Municipal de Veracruz, Yamileth Herrera D\u00edaz puntualiz\u00f3, \u201chubo personas que tambi\u00e9n eligieron \u00fanicamente la modalidad virtual y esta se seguir\u00e1 impartiendo, el cual se llevar\u00e1 a cabo con video pregrabados y actividades que diariamente se enviar\u00e1n a todos los padres de familia\u201d.<\/p>\n\n\n\n<p>Se puntualiz\u00f3 que dif\u00edcilmente existir\u00eda un caso de contagio en menores de edad, aunque si por alguna raz\u00f3n, un docente o alumnos se conociera presenta s\u00edntomas de COVID-19, este se quedar\u00e1 distanciando en su casa, hasta haber pasado la enfermedad o los s\u00edntomas.<\/p>\n","protected":false},"excerpt":{"rendered":"<p>Alejandro \u00c1vila Veracruz, Ver. \u2013 Tras evaluar todas las situaciones, una semana despu\u00e9s del regreso a clases oficial, tan solo 821 ni\u00f1os de los 3 mil que tienen registrados en los Centros Asistenciales de Desarrollo Infantil (CADI) en el puerto de Veracruz regresaron a sus aulas, bajo un modelo de ense\u00f1anza h\u00edbrida, pero de forma [&hellip;]<\/p>\n","protected":false},"author":1,"featured_media":18116,"comment_status":"open","ping_status":"open","sticky":false,"template":"","format":"standard","meta":{"_jetpack_memberships_contains_paid_content":false,"footnotes":""},"categories":[2],"tags":[],"class_list":["post-18115","post","type-post","status-publish","format-standard","has-post-thumbnail","hentry","category-estado"],"jetpack_featured_media_url":"https:\/\/encuentroinformativo.com.mx\/wp-content\/uploads\/2021\/09\/83231E9B-E5A9-4ECF-BEFF-0E9416C862B0.jpeg","jetpack_sharing_enabled":true,"jetpack_likes_enabled":true,"amp_enabled":true,"_links":{"self":[{"href":"https:\/\/encuentroinformativo.com.mx\/index.php?rest_route=\/wp\/v2\/posts\/18115","targetHints":{"allow":["GET"]}}],"collection":[{"href":"https:\/\/encuentroinformativo.com.mx\/index.php?rest_route=\/wp\/v2\/posts"}],"about":[{"href":"https:\/\/encuentroinformativo.com.mx\/index.php?rest_route=\/wp\/v2\/types\/post"}],"author":[{"embeddable":true,"href":"https:\/\/encuentroinformativo.com.mx\/index.php?rest_route=\/wp\/v2\/users\/1"}],"replies":[{"embeddable":true,"href":"https:\/\/encuentroinformativo.com.mx\/index.php?rest_route=%2Fwp%2Fv2%2Fcomments&post=18115"}],"version-history":[{"count":1,"href":"https:\/\/encuentroinformativo.com.mx\/index.php?rest_route=\/wp\/v2\/posts\/18115\/revisions"}],"predecessor-version":[{"id":18117,"href":"https:\/\/encuentroinformativo.com.mx\/index.php?rest_route=\/wp\/v2\/posts\/18115\/revisions\/18117"}],"wp:featuredmedia":[{"embeddable":true,"href":"https:\/\/encuentroinformativo.com.mx\/index.php?rest_route=\/wp\/v2\/media\/18116"}],"wp:attachment":[{"href":"https:\/\/encuentroinformativo.com.mx\/index.php?rest_route=%2Fwp%2Fv2%2Fmedia&parent=18115"}],"wp:term":[{"taxonomy":"category","embeddable":true,"href":"https:\/\/encuentroinformativo.com.mx\/index.php?rest_route=%2Fwp%2Fv2%2Fcategories&post=18115"},{"taxonomy":"post_tag","embeddable":true,"href":"https:\/\/encuentroinformativo.com.mx\/index.php?rest_route=%2Fwp%2Fv2%2Ftags&post=18115"}],"curies":[{"name":"wp","href":"https:\/\/api.w.org\/{rel}","templated":true}]}}