{"id":18124,"date":"2021-09-06T15:43:38","date_gmt":"2021-09-06T20:43:38","guid":{"rendered":"https:\/\/encuentroinformativo.com.mx\/?p=18124"},"modified":"2021-09-06T15:43:42","modified_gmt":"2021-09-06T20:43:42","slug":"en-alvarado-promueven-pruebas-covid-gratuitas","status":"publish","type":"post","link":"https:\/\/encuentroinformativo.com.mx\/?p=18124","title":{"rendered":"En Alvarado, promueven pruebas Covid gratuitas"},"content":{"rendered":"\n<p><strong>Alejandro \u00c1vila<\/strong><\/p>\n\n\n\n<p>Alvarado, Ver.- Durante este lunes 6 de septiembre y martes 7 de septiembre, el Ayuntamiento de Alvarado promueve las pruebas de COVID-19 totalmente gratuitas para la poblaci\u00f3n, inform\u00f3 a trav\u00e9s de sus redes sociales.<\/p>\n\n\n\n<p>La cita para todo aquel que desea hacerse las pruebas es de las 8 de la ma\u00f1ana y hasta las 3 de la tarde en el sal\u00f3n de Usos Multiples &#8220;Atlizintla&#8221;, donde solo tendr\u00edan que presentar su identificaci\u00f3n oficial, no copia de la misma, para poder ser acreedores a la prueba gratuita.<\/p>\n\n\n\n<p>El municipio de Alvarado se sit\u00faa en semaforo rojo con 46 casos sospechosos, 681 confirmados y 68 decesos a la fecha.<\/p>\n\n\n\n<p>De la misma manera, se inform\u00f3 que los d\u00edas 13 y 14 de septiembre se realizar\u00e1 la vacunaci\u00f3n de la segunda dosis a los alvarade\u00f1os de 30 a 39 a\u00f1os. La cita es en el sal\u00f3n de Usos Multiples &#8220;Atlizintla&#8221;, donde el lunes 13 ser\u00e1n de las letras &#8220;A&#8221; a la &#8220;M&#8221;, y el martes 14, de las letras &#8220;N&#8221; a la &#8220;Z&#8221;, en horario de 8 de la ma\u00f1ana a 5 de la tarde.<\/p>\n","protected":false},"excerpt":{"rendered":"<p>Alejandro \u00c1vila Alvarado, Ver.- Durante este lunes 6 de septiembre y martes 7 de septiembre, el Ayuntamiento de Alvarado promueve las pruebas de COVID-19 totalmente gratuitas para la poblaci\u00f3n, inform\u00f3 a trav\u00e9s de sus redes sociales. La cita para todo aquel que desea hacerse las pruebas es de las 8 de la ma\u00f1ana y hasta [&hellip;]<\/p>\n","protected":false},"author":1,"featured_media":18125,"comment_status":"open","ping_status":"open","sticky":false,"template":"","format":"standard","meta":{"_jetpack_memberships_contains_paid_content":false,"footnotes":""},"categories":[9],"tags":[],"class_list":["post-18124","post","type-post","status-publish","format-standard","has-post-thumbnail","hentry","category-salud"],"jetpack_featured_media_url":"https:\/\/encuentroinformativo.com.mx\/wp-content\/uploads\/2021\/09\/04D63C8D-650E-4519-BFEA-5C15C3C95D20.jpeg","jetpack_sharing_enabled":true,"jetpack_likes_enabled":true,"amp_enabled":true,"_links":{"self":[{"href":"https:\/\/encuentroinformativo.com.mx\/index.php?rest_route=\/wp\/v2\/posts\/18124","targetHints":{"allow":["GET"]}}],"collection":[{"href":"https:\/\/encuentroinformativo.com.mx\/index.php?rest_route=\/wp\/v2\/posts"}],"about":[{"href":"https:\/\/encuentroinformativo.com.mx\/index.php?rest_route=\/wp\/v2\/types\/post"}],"author":[{"embeddable":true,"href":"https:\/\/encuentroinformativo.com.mx\/index.php?rest_route=\/wp\/v2\/users\/1"}],"replies":[{"embeddable":true,"href":"https:\/\/encuentroinformativo.com.mx\/index.php?rest_route=%2Fwp%2Fv2%2Fcomments&post=18124"}],"version-history":[{"count":1,"href":"https:\/\/encuentroinformativo.com.mx\/index.php?rest_route=\/wp\/v2\/posts\/18124\/revisions"}],"predecessor-version":[{"id":18126,"href":"https:\/\/encuentroinformativo.com.mx\/index.php?rest_route=\/wp\/v2\/posts\/18124\/revisions\/18126"}],"wp:featuredmedia":[{"embeddable":true,"href":"https:\/\/encuentroinformativo.com.mx\/index.php?rest_route=\/wp\/v2\/media\/18125"}],"wp:attachment":[{"href":"https:\/\/encuentroinformativo.com.mx\/index.php?rest_route=%2Fwp%2Fv2%2Fmedia&parent=18124"}],"wp:term":[{"taxonomy":"category","embeddable":true,"href":"https:\/\/encuentroinformativo.com.mx\/index.php?rest_route=%2Fwp%2Fv2%2Fcategories&post=18124"},{"taxonomy":"post_tag","embeddable":true,"href":"https:\/\/encuentroinformativo.com.mx\/index.php?rest_route=%2Fwp%2Fv2%2Ftags&post=18124"}],"curies":[{"name":"wp","href":"https:\/\/api.w.org\/{rel}","templated":true}]}}