{"id":18134,"date":"2021-09-07T09:21:02","date_gmt":"2021-09-07T14:21:02","guid":{"rendered":"https:\/\/encuentroinformativo.com.mx\/?p=18134"},"modified":"2021-09-07T09:21:04","modified_gmt":"2021-09-07T14:21:04","slug":"ofrece-secundaria-solo-clases-presenciales","status":"publish","type":"post","link":"https:\/\/encuentroinformativo.com.mx\/?p=18134","title":{"rendered":"Ofrece secundaria s\u00f3lo clases presenciales"},"content":{"rendered":"\n<p><strong>Juan Arcos<\/strong> <\/p>\n\n\n\n<p>Coatepec, Ver.- La Direcci\u00f3n de la escuela secundaria federal \u201cIgnacio de la Llave\u201d, ubicada en Coatepec, inform\u00f3 a madres y padres de familia que las clases s\u00f3lo ser\u00e1n presenciales en este plantel, pese a los casos positivos de SARS-COV-2 (COVID-19) detectados durante los \u00faltimos d\u00edas.<\/p>\n\n\n\n<p>Mediante un comunicado oficial, con fecha del pasado viernes 3 de septiembre, las autoridades acad\u00e9micas indicaron que no habr\u00e1 clases en l\u00ednea para quienes hayan preferido quedarse en casa, ante el aumento en los contagios de coronavirus.<\/p>\n\n\n\n<p>Lo anterior, con base en la determinaci\u00f3n de la Subdirecci\u00f3n de Escuelas Secundarias Generales y al acuerdo secretarial del pasado 23 de agosto, que establecen que las clases deben ser en su totalidad presenciales y el trabajo a distancia solo involucra la asignaci\u00f3n, recepci\u00f3n, revisi\u00f3n y retroalimentaci\u00f3n de actividades para los estudiantes.<\/p>\n\n\n\n<p>\u201cLa direcci\u00f3n de la Escuela Secundaria Federal Ignacio de la Llave, por este conducto se les hace de su conocimiento que considerando las indicaciones de la Subdirecci\u00f3n de Escuelas Secundarias Generales y bajo el acuerdo secretarial 23\/08\/21, las clases deben ser en su totalidad presenciales y el trabajo a distancia solo involucra la asignaci\u00f3n, recepci\u00f3n, revisi\u00f3n y retroalimentaci\u00f3n de actividades para los estudiantes sin ning\u00fan tipo de acompa\u00f1amiento virtual con la opci\u00f3n de resolver dudas seg\u00fan los acuerdos de cada escuela\u201d, se lee en el documento que hicieron llegar a los padres.<\/p>\n\n\n\n<p>En el oficio, tambi\u00e9n se dio a conocer que los alumnos que asistan al plantel, deber\u00e1n respetar las listas que ser\u00edan publicadas este lunes por la tarde, en donde cada grupo quedar\u00e1 dividido en dos partes para respetar la sana distancia. Acudir\u00e1n de manera intercalada, es decir, toda una semana un grupo y, durante la siguiente, el otro.<\/p>\n\n\n\n<p>\u201cLos alumnos que decidan quedarse en casa deber\u00e1n de recibir y entregar sus actividades v\u00eda plataforma <em>TEAMS<\/em> para su revisi\u00f3n y retroalimentaci\u00f3n por parte de los docentes\u201d, expuso la Direcci\u00f3n Escolar.<\/p>\n\n\n\n<p>Las madres y padres de familia est\u00e1n inconformes con dicha decisi\u00f3n por parte de los directivos, toda vez que dos alumnos han resultado positivo a COVID-19 y hay tres casos sospechosos, tras la primera semana del regreso a clases presenciales.<\/p>\n\n\n\n<p>Sin embargo, la escuela no ha hecho ning\u00fan pronunciamiento al respecto y los salones donde acudieron los ni\u00f1os contagiados contin\u00faan funcionando con normalidad.<\/p>\n\n\n\n<p>Adem\u00e1s, los tutores insistieron en que las medidas sanitarias en el plantel, ubicado sobre la\u00a0<a href=\"https:\/\/www.google.com\/maps\/search\/calle+Juan+de+Dios+Pesa+n%C3%BAmero+23?entry=gmail&amp;source=g\">calle Juan de Dios Pesa n\u00famero 23<\/a> del  Pueblo M\u00e1gico, son insuficientes para evitar contagios.<\/p>\n","protected":false},"excerpt":{"rendered":"<p>Juan Arcos Coatepec, Ver.- La Direcci\u00f3n de la escuela secundaria federal \u201cIgnacio de la Llave\u201d, ubicada en Coatepec, inform\u00f3 a madres y padres de familia que las clases s\u00f3lo ser\u00e1n presenciales en este plantel, pese a los casos positivos de SARS-COV-2 (COVID-19) detectados durante los \u00faltimos d\u00edas. Mediante un comunicado oficial, con fecha del pasado [&hellip;]<\/p>\n","protected":false},"author":1,"featured_media":18135,"comment_status":"open","ping_status":"open","sticky":false,"template":"","format":"standard","meta":{"_jetpack_memberships_contains_paid_content":false,"footnotes":""},"categories":[8],"tags":[],"class_list":["post-18134","post","type-post","status-publish","format-standard","has-post-thumbnail","hentry","category-region"],"jetpack_featured_media_url":"https:\/\/encuentroinformativo.com.mx\/wp-content\/uploads\/2021\/09\/5C19FDB9-1741-4221-B916-6E37B74ABB4B.jpeg","jetpack_sharing_enabled":true,"jetpack_likes_enabled":true,"amp_enabled":true,"_links":{"self":[{"href":"https:\/\/encuentroinformativo.com.mx\/index.php?rest_route=\/wp\/v2\/posts\/18134","targetHints":{"allow":["GET"]}}],"collection":[{"href":"https:\/\/encuentroinformativo.com.mx\/index.php?rest_route=\/wp\/v2\/posts"}],"about":[{"href":"https:\/\/encuentroinformativo.com.mx\/index.php?rest_route=\/wp\/v2\/types\/post"}],"author":[{"embeddable":true,"href":"https:\/\/encuentroinformativo.com.mx\/index.php?rest_route=\/wp\/v2\/users\/1"}],"replies":[{"embeddable":true,"href":"https:\/\/encuentroinformativo.com.mx\/index.php?rest_route=%2Fwp%2Fv2%2Fcomments&post=18134"}],"version-history":[{"count":1,"href":"https:\/\/encuentroinformativo.com.mx\/index.php?rest_route=\/wp\/v2\/posts\/18134\/revisions"}],"predecessor-version":[{"id":18136,"href":"https:\/\/encuentroinformativo.com.mx\/index.php?rest_route=\/wp\/v2\/posts\/18134\/revisions\/18136"}],"wp:featuredmedia":[{"embeddable":true,"href":"https:\/\/encuentroinformativo.com.mx\/index.php?rest_route=\/wp\/v2\/media\/18135"}],"wp:attachment":[{"href":"https:\/\/encuentroinformativo.com.mx\/index.php?rest_route=%2Fwp%2Fv2%2Fmedia&parent=18134"}],"wp:term":[{"taxonomy":"category","embeddable":true,"href":"https:\/\/encuentroinformativo.com.mx\/index.php?rest_route=%2Fwp%2Fv2%2Fcategories&post=18134"},{"taxonomy":"post_tag","embeddable":true,"href":"https:\/\/encuentroinformativo.com.mx\/index.php?rest_route=%2Fwp%2Fv2%2Ftags&post=18134"}],"curies":[{"name":"wp","href":"https:\/\/api.w.org\/{rel}","templated":true}]}}