{"id":18137,"date":"2021-09-07T09:45:59","date_gmt":"2021-09-07T14:45:59","guid":{"rendered":"https:\/\/encuentroinformativo.com.mx\/?p=18137"},"modified":"2021-09-07T09:46:02","modified_gmt":"2021-09-07T14:46:02","slug":"federacion-si-registra-deceso-de-menores-por-covid","status":"publish","type":"post","link":"https:\/\/encuentroinformativo.com.mx\/?p=18137","title":{"rendered":"Federaci\u00f3n s\u00ed registra deceso de menores por Covid"},"content":{"rendered":"\n<p><strong>Dar\u00edo Pale <\/strong><\/p>\n\n\n\n<p>Xalapa, Ver.- La Secretar\u00eda de Gobernaci\u00f3n Federal y la Secretar\u00eda Ejecutiva del Sistema Nacional de Protecci\u00f3n de Ni\u00f1as, Ni\u00f1os y Adolescentes (SIPINNA) han desmentido al Gobernador de Veracruz, Cuitl\u00e1huac Garc\u00eda al reportar oficialmente la muerte de 29 ni\u00f1os, ni\u00f1as y adolescentes veracruzanos por la pandemia del COVID-19.<\/p>\n\n\n\n<p>Los menores que dieron positivos a la enfermedad suman mil 104 en Veracruz, de los cuales 283 tienen edades de entre 0 a 5 a\u00f1os; 224 de 6 a 11 a\u00f1os y 597 entre 12 a 17 a\u00f1os.<\/p>\n\n\n\n<p>En cuanto a las defunciones, 18 muertes han sido de menores en la primera infancia, es decir entre los 0 a los 5 a\u00f1os; 4 de ellos comprendidos entre los 6 a los 11 a\u00f1os y 7 de ellos entre los 12 a los 17 a\u00f1os de edad, seg\u00fan los datos aportados por la Secretar\u00eda de Salud Federal.<\/p>\n\n\n\n<p>El \u00faltimo menor fallecido por el virus en la entidad ten\u00eda 13 a\u00f1os y era originario del municipio de Soconusco.<\/p>\n\n\n\n<p>En el puerto de Veracruz tambi\u00e9n falleci\u00f3 un menor de 0 a\u00f1os en un hospital de la Secretar\u00eda de Salud del Estado.<\/p>\n\n\n\n<p>En el municipio de Acayucan tambi\u00e9n se report\u00f3 la muerte de una ni\u00f1a de 0 a\u00f1os, quien fue atendida por la Secretar\u00eda de Salud del Estado.<\/p>\n\n\n\n<p>Otro menor de 16 a\u00f1os falleci\u00f3 en el municipio de San Andr\u00e9s Tuxtla, quien fue atendido por la Secretar\u00eda de Salud del Estado.<br>Otra ni\u00f1a que ha perdido la lucha contra el COVID-19 era originaria de Las Choapas, ten\u00eda 7 a\u00f1os y fue atendida por la Secretar\u00eda de Salud.<\/p>\n\n\n\n<p>Una reci\u00e9n nacida en el Municipio de Mart\u00ednez de la Torre tambi\u00e9n muri\u00f3 a causa de la enfermedad.<\/p>\n\n\n\n<p>En el municipio de Tempoal falleci\u00f3 una ni\u00f1a, quien no cumpli\u00f3 el a\u00f1o de vida, ella fue atendida por la Secretar\u00eda de Salud estatal.<br>En Tuxpan muri\u00f3 una ni\u00f1a de 10 a\u00f1os, aunque en su caso fue tendida por el Instituto Mexicano del Seguro Social (IMSS).<\/p>\n\n\n\n<p>En el municipio de \u00c1lamo Temapache se registr\u00f3 la muerte de otra menor de un a\u00f1o, quien fue atendida por la Secretar\u00eda de Salud del Estado.<\/p>\n\n\n\n<p>En C\u00f3rdoba, seg\u00fan la informaci\u00f3n actualizada, una ni\u00f1a de 14 a\u00f1os falleci\u00f3 a causa del virus y en su caso la adolescente fue atendida en el IMSS.<\/p>\n\n\n\n<p>Otra ni\u00f1a que no hab\u00eda cumplido el a\u00f1o de edad muri\u00f3 a causa del virus en el puerto de Veracruz.<\/p>\n\n\n\n<p>En Coatzacoalcos un adolescente de 17 a\u00f1os, atendido por el IMSS, falleci\u00f3 por el virus.<\/p>\n\n\n\n<p>Tambi\u00e9n se registr\u00f3 la muerte de un ni\u00f1o en el municipio de Ixhuatlancillo, quien ten\u00eda 15 a\u00f1os y fue atendido por la Secretar\u00eda de Salud del Estado.<\/p>\n\n\n\n<p>En Huatusco, un beb\u00e9 reci\u00e9n nacido falleci\u00f3 por el virus, siendo diagnosticado por neumon\u00eda. \u00c9l fue atendido por la Secretar\u00eda de Salud del Estado.<\/p>\n\n\n\n<p>En Ixtaczoquitl\u00e1n un beb\u00e9 de un a\u00f1o, atendido por la Secretar\u00eda de Salud del Estado, muri\u00f3 de COVID-19.<\/p>\n\n\n\n<p>En C\u00f3rdoba una menor de 0 a\u00f1os falleci\u00f3 tras ser atendida por la Secretar\u00eda de Salud del Estado.<\/p>\n\n\n\n<p>En Ixhuatlancillo un beb\u00e9 de menor de un a\u00f1o muri\u00f3 siendo atendido por la Secretar\u00eda de Salud del Estado.<\/p>\n\n\n\n<p>En Guti\u00e9rrez Zamora un menor de 3 a\u00f1os muri\u00f3 por el virus, tras ser atendido por la Secretar\u00eda de Salud.<\/p>\n\n\n\n<p>En Veracruz puerto otra menor de 17 a\u00f1os falleci\u00f3 por COVID-19. Ella fue atendida por la Salud Estatal.<\/p>\n\n\n\n<p>En Tuxpan una ni\u00f1a de 11 a\u00f1os falleci\u00f3 por Coronavirus, tras ser atendida en el IMSS.<br>En Medell\u00edn de Bravo un menor de 16 a\u00f1os falleci\u00f3 tras dar positivo al virus, fue atendido por la Secretar\u00eda de Salud.<\/p>\n\n\n\n<p>En Tantoyuca un ni\u00f1o de 2 a\u00f1os falleci\u00f3 por COVID-19. En su caso la atenci\u00f3n m\u00e9dica la brind\u00f3 la Secretar\u00eda de Salud.<\/p>\n\n\n\n<p>En Tierra Blanca un beb\u00e9 muri\u00f3 tras contraer el virus, fue atendido por la Secretar\u00eda de Salud.<\/p>\n\n\n\n<p>En Ayahualulco una menor de 3 a\u00f1os muri\u00f3 por COVID-19. Fue atendida por la Secretar\u00eda de Salud Estatal.<\/p>\n\n\n\n<p>En Coatzacoalcos una ni\u00f1a de 7 a\u00f1os falleci\u00f3 tras ser diagnosticada con COVID y ser atendida por la Secretar\u00eda de Salud.<\/p>\n\n\n\n<p>En Veracruz puerto un ni\u00f1o de un a\u00f1o muri\u00f3 tras ser diagnosticado positivo a COVID-19, siendo atendido por la Secretar\u00eda de Salud.<\/p>\n\n\n\n<p>En Mart\u00ednez de la Torre una ni\u00f1a de un a\u00f1o muri\u00f3 tras contraer el virus, fue atendida en el IMSS.<\/p>\n\n\n\n<p>En C\u00f3rdoba una menor de 4 a\u00f1os falleci\u00f3 por COVID-19. Fue atendida por el IMSS y no presentaba ninguna otra enfermedad.<\/p>\n\n\n\n<p>La informaci\u00f3n expone que un menor de un a\u00f1o muri\u00f3 en Xico por COVID-19, tras ser atendido en el IMSS.<\/p>\n","protected":false},"excerpt":{"rendered":"<p>Dar\u00edo Pale Xalapa, Ver.- La Secretar\u00eda de Gobernaci\u00f3n Federal y la Secretar\u00eda Ejecutiva del Sistema Nacional de Protecci\u00f3n de Ni\u00f1as, Ni\u00f1os y Adolescentes (SIPINNA) han desmentido al Gobernador de Veracruz, Cuitl\u00e1huac Garc\u00eda al reportar oficialmente la muerte de 29 ni\u00f1os, ni\u00f1as y adolescentes veracruzanos por la pandemia del COVID-19. Los menores que dieron positivos a [&hellip;]<\/p>\n","protected":false},"author":1,"featured_media":17403,"comment_status":"open","ping_status":"open","sticky":false,"template":"","format":"standard","meta":{"_jetpack_memberships_contains_paid_content":false,"footnotes":""},"categories":[9],"tags":[],"class_list":["post-18137","post","type-post","status-publish","format-standard","has-post-thumbnail","hentry","category-salud"],"jetpack_featured_media_url":"https:\/\/encuentroinformativo.com.mx\/wp-content\/uploads\/2021\/08\/B8832227-C637-4EAB-97DB-C67E937EF7F5.jpeg","jetpack_sharing_enabled":true,"jetpack_likes_enabled":true,"amp_enabled":true,"_links":{"self":[{"href":"https:\/\/encuentroinformativo.com.mx\/index.php?rest_route=\/wp\/v2\/posts\/18137","targetHints":{"allow":["GET"]}}],"collection":[{"href":"https:\/\/encuentroinformativo.com.mx\/index.php?rest_route=\/wp\/v2\/posts"}],"about":[{"href":"https:\/\/encuentroinformativo.com.mx\/index.php?rest_route=\/wp\/v2\/types\/post"}],"author":[{"embeddable":true,"href":"https:\/\/encuentroinformativo.com.mx\/index.php?rest_route=\/wp\/v2\/users\/1"}],"replies":[{"embeddable":true,"href":"https:\/\/encuentroinformativo.com.mx\/index.php?rest_route=%2Fwp%2Fv2%2Fcomments&post=18137"}],"version-history":[{"count":1,"href":"https:\/\/encuentroinformativo.com.mx\/index.php?rest_route=\/wp\/v2\/posts\/18137\/revisions"}],"predecessor-version":[{"id":18138,"href":"https:\/\/encuentroinformativo.com.mx\/index.php?rest_route=\/wp\/v2\/posts\/18137\/revisions\/18138"}],"wp:featuredmedia":[{"embeddable":true,"href":"https:\/\/encuentroinformativo.com.mx\/index.php?rest_route=\/wp\/v2\/media\/17403"}],"wp:attachment":[{"href":"https:\/\/encuentroinformativo.com.mx\/index.php?rest_route=%2Fwp%2Fv2%2Fmedia&parent=18137"}],"wp:term":[{"taxonomy":"category","embeddable":true,"href":"https:\/\/encuentroinformativo.com.mx\/index.php?rest_route=%2Fwp%2Fv2%2Fcategories&post=18137"},{"taxonomy":"post_tag","embeddable":true,"href":"https:\/\/encuentroinformativo.com.mx\/index.php?rest_route=%2Fwp%2Fv2%2Ftags&post=18137"}],"curies":[{"name":"wp","href":"https:\/\/api.w.org\/{rel}","templated":true}]}}