{"id":18142,"date":"2021-09-07T11:49:19","date_gmt":"2021-09-07T16:49:19","guid":{"rendered":"https:\/\/encuentroinformativo.com.mx\/?p=18142"},"modified":"2021-09-07T11:49:22","modified_gmt":"2021-09-07T16:49:22","slug":"animalistas-piden-carcel-para-agresores-de-pitbull-en-papantla","status":"publish","type":"post","link":"https:\/\/encuentroinformativo.com.mx\/?p=18142","title":{"rendered":"Animalistas piden c\u00e1rcel para agresores de pitbull en Papantla"},"content":{"rendered":"\n<p><strong>Juan Arcos<\/strong> <\/p>\n\n\n\n<p>Xalapa, Ver.- Animalistas exigieron c\u00e1rcel para quienes resulten responsables de la agresi\u00f3n con agua hirviendo a Akamaru, un perro de la raza pitbull del municipio de Papantla.<\/p>\n\n\n\n<p>Lourdes Jim\u00e9nez Mora, encargada de la asociaci\u00f3n civil Acciones para el Respeto y Protecci\u00f3n Animal (Proyecto Arpa), pidi\u00f3 a la gente que presente la denuncia en la Fiscal\u00eda General del Estado (FGE) para que haya justicia en este y otros casos de maltrato animal.<\/p>\n\n\n\n<p>A su juicio, es necesario que la gente sepa que puede ir a la c\u00e1rcel por agredir a los animales, como fue el caso de este cachorro, de diez meses de edad, que sufri\u00f3 quemaduras de tercer por el agua caliente que le arroj\u00f3 una mujer.<\/p>\n\n\n\n<p>\u201cYa no est\u00e1 permitido maltratar a los animales y hay mucha gente que sin ning\u00fan problema todav\u00eda lo amenaza, y dice lo voy a matar o lo voy a hacer. Mucha gente ni siquiera sabe que puede ir a la c\u00e1rcel, lo que nos queda es denunciar y darle continuidad\u201d, coment\u00f3.<\/p>\n\n\n\n<p>La activista y defensora de los derechos animales recalc\u00f3 que existen leyes en la entidad veracruzana, pero lamentablemente la poblaci\u00f3n desconoce situaci\u00f3n.<\/p>\n\n\n\n<p>A\u00f1adi\u00f3 que por ese motivo la gente incurre en graves violaciones a Ley de Protecci\u00f3n Animal para el Estado de Veracruz.<\/p>\n\n\n\n<p>\u201cEs muy lamentable que sigamos viendo este tipo de situaciones. Debemos entrar de lleno a una cultura de la denuncia, necesitamos que se denuncie en las fiscal\u00edas correspondientes, para tener justicia, para que la gente sepa que lastimar a un animal lo puede llevar a la c\u00e1rcel\u201d, agreg\u00f3.<\/p>\n\n\n\n<p>Cabe recordar que en Veracruz est\u00e1 vigente la ley 876 de Protecci\u00f3n para los Animales del Estado. Adem\u00e1s, el maltrato animal est\u00e1 tipificado en el C\u00f3digo Penal del Estado de Veracruz, que establece una multa de hasta 100 d\u00edas de salario m\u00ednimo y dos a\u00f1os de c\u00e1rcel.<\/p>\n\n\n\n<p>\u201cMientras m\u00e1s agresiva sea su agresi\u00f3n hacia un animal, puede terminar en la c\u00e1rcel\u201d, sentenci\u00f3 Jim\u00e9nez Mora.<\/p>\n","protected":false},"excerpt":{"rendered":"<p>Juan Arcos Xalapa, Ver.- Animalistas exigieron c\u00e1rcel para quienes resulten responsables de la agresi\u00f3n con agua hirviendo a Akamaru, un perro de la raza pitbull del municipio de Papantla. Lourdes Jim\u00e9nez Mora, encargada de la asociaci\u00f3n civil Acciones para el Respeto y Protecci\u00f3n Animal (Proyecto Arpa), pidi\u00f3 a la gente que presente la denuncia en [&hellip;]<\/p>\n","protected":false},"author":1,"featured_media":18143,"comment_status":"open","ping_status":"open","sticky":false,"template":"","format":"standard","meta":{"_jetpack_memberships_contains_paid_content":false,"footnotes":""},"categories":[2],"tags":[],"class_list":["post-18142","post","type-post","status-publish","format-standard","has-post-thumbnail","hentry","category-estado"],"jetpack_featured_media_url":"https:\/\/encuentroinformativo.com.mx\/wp-content\/uploads\/2021\/09\/804CC222-2222-434F-AAE9-4CB0B68E1DA9.jpeg","jetpack_sharing_enabled":true,"jetpack_likes_enabled":true,"amp_enabled":true,"_links":{"self":[{"href":"https:\/\/encuentroinformativo.com.mx\/index.php?rest_route=\/wp\/v2\/posts\/18142","targetHints":{"allow":["GET"]}}],"collection":[{"href":"https:\/\/encuentroinformativo.com.mx\/index.php?rest_route=\/wp\/v2\/posts"}],"about":[{"href":"https:\/\/encuentroinformativo.com.mx\/index.php?rest_route=\/wp\/v2\/types\/post"}],"author":[{"embeddable":true,"href":"https:\/\/encuentroinformativo.com.mx\/index.php?rest_route=\/wp\/v2\/users\/1"}],"replies":[{"embeddable":true,"href":"https:\/\/encuentroinformativo.com.mx\/index.php?rest_route=%2Fwp%2Fv2%2Fcomments&post=18142"}],"version-history":[{"count":1,"href":"https:\/\/encuentroinformativo.com.mx\/index.php?rest_route=\/wp\/v2\/posts\/18142\/revisions"}],"predecessor-version":[{"id":18144,"href":"https:\/\/encuentroinformativo.com.mx\/index.php?rest_route=\/wp\/v2\/posts\/18142\/revisions\/18144"}],"wp:featuredmedia":[{"embeddable":true,"href":"https:\/\/encuentroinformativo.com.mx\/index.php?rest_route=\/wp\/v2\/media\/18143"}],"wp:attachment":[{"href":"https:\/\/encuentroinformativo.com.mx\/index.php?rest_route=%2Fwp%2Fv2%2Fmedia&parent=18142"}],"wp:term":[{"taxonomy":"category","embeddable":true,"href":"https:\/\/encuentroinformativo.com.mx\/index.php?rest_route=%2Fwp%2Fv2%2Fcategories&post=18142"},{"taxonomy":"post_tag","embeddable":true,"href":"https:\/\/encuentroinformativo.com.mx\/index.php?rest_route=%2Fwp%2Fv2%2Ftags&post=18142"}],"curies":[{"name":"wp","href":"https:\/\/api.w.org\/{rel}","templated":true}]}}