{"id":1815,"date":"2020-04-13T13:46:45","date_gmt":"2020-04-13T18:46:45","guid":{"rendered":"https:\/\/encuentroinformativo.com\/?p=1815"},"modified":"2020-04-13T13:46:47","modified_gmt":"2020-04-13T18:46:47","slug":"por-inundaciones-pide-regidor-investigar-obras-recien-inauguradas","status":"publish","type":"post","link":"https:\/\/encuentroinformativo.com.mx\/?p=1815","title":{"rendered":"Por inundaciones, pide regidor investigar obras reci\u00e9n inauguradas"},"content":{"rendered":"\n<p><strong>Dar\u00edo Pale<\/strong><\/p>\n\n\n\n<p>Xalapa, Ver.- El regidor Juan Gabriel Fern\u00e1ndez Garibay se\u00f1al\u00f3 que se tiene que investigar si estuvo mal la planeaci\u00f3n de esta v\u00eda de comunicaci\u00f3n, esto luego de la inundaci\u00f3n que se registr\u00f3 la semana pasada en la reci\u00e9n inaugurada calle de Allende y en Revoluci\u00f3n.<\/p>\n\n\n\n<p>Entrevistado en las calles del centro de la ciudad, el edil dijo que la contralor\u00eda interna tiene que revisar quien cometi\u00f3 la falla, y se podr\u00eda aplicar alguna sanci\u00f3n a quien haya fallado.<\/p>\n\n\n\n<p>Dijo que con la reducci\u00f3n de un carril en la calle de Allende se tendr\u00eda que ver si no se afectaron los canales pluviales pero de ser as\u00ed eso podr\u00eda ser un error garrafal.<\/p>\n\n\n\n<p>Es necesario que se realice un dictamen para ver d\u00f3nde fue la falla, por lo que en el caso de que se haya incurrido en una falla se debe de ejecutar la fianza de vicios ocultos y en caso de que sea el \u00e1rea de planeaci\u00f3n del municipio se les debe llamar la atenci\u00f3n.<\/p>\n\n\n\n<p>Por \u00faltimo se\u00f1al\u00f3 que si fallo el \u00e1rea de proyectos, ser\u00eda importante llamar la atenci\u00f3n a los responsables de dicha \u00e1rea, para lo cual la contralor\u00eda debe de investigar junto con las \u00e1reas correspondientes que fue lo que sucedi\u00f3.<\/p>\n\n\n\n<p><\/p>\n","protected":false},"excerpt":{"rendered":"<p>Dar\u00edo Pale Xalapa, Ver.- El regidor Juan Gabriel Fern\u00e1ndez Garibay se\u00f1al\u00f3 que se tiene que investigar si estuvo mal la planeaci\u00f3n de esta v\u00eda de comunicaci\u00f3n, esto luego de la inundaci\u00f3n que se registr\u00f3 la semana pasada en la reci\u00e9n inaugurada calle de Allende y en Revoluci\u00f3n. Entrevistado en las calles del centro de la [&hellip;]<\/p>\n","protected":false},"author":1,"featured_media":1816,"comment_status":"open","ping_status":"open","sticky":false,"template":"","format":"standard","meta":{"_jetpack_memberships_contains_paid_content":false,"footnotes":""},"categories":[3],"tags":[],"class_list":["post-1815","post","type-post","status-publish","format-standard","has-post-thumbnail","hentry","category-xalapa"],"jetpack_featured_media_url":"https:\/\/encuentroinformativo.com.mx\/wp-content\/uploads\/2020\/04\/BA01A99A-0BA2-4334-9B6F-1EA57679D867.jpeg","jetpack_sharing_enabled":true,"jetpack_likes_enabled":true,"amp_enabled":true,"_links":{"self":[{"href":"https:\/\/encuentroinformativo.com.mx\/index.php?rest_route=\/wp\/v2\/posts\/1815","targetHints":{"allow":["GET"]}}],"collection":[{"href":"https:\/\/encuentroinformativo.com.mx\/index.php?rest_route=\/wp\/v2\/posts"}],"about":[{"href":"https:\/\/encuentroinformativo.com.mx\/index.php?rest_route=\/wp\/v2\/types\/post"}],"author":[{"embeddable":true,"href":"https:\/\/encuentroinformativo.com.mx\/index.php?rest_route=\/wp\/v2\/users\/1"}],"replies":[{"embeddable":true,"href":"https:\/\/encuentroinformativo.com.mx\/index.php?rest_route=%2Fwp%2Fv2%2Fcomments&post=1815"}],"version-history":[{"count":1,"href":"https:\/\/encuentroinformativo.com.mx\/index.php?rest_route=\/wp\/v2\/posts\/1815\/revisions"}],"predecessor-version":[{"id":1817,"href":"https:\/\/encuentroinformativo.com.mx\/index.php?rest_route=\/wp\/v2\/posts\/1815\/revisions\/1817"}],"wp:featuredmedia":[{"embeddable":true,"href":"https:\/\/encuentroinformativo.com.mx\/index.php?rest_route=\/wp\/v2\/media\/1816"}],"wp:attachment":[{"href":"https:\/\/encuentroinformativo.com.mx\/index.php?rest_route=%2Fwp%2Fv2%2Fmedia&parent=1815"}],"wp:term":[{"taxonomy":"category","embeddable":true,"href":"https:\/\/encuentroinformativo.com.mx\/index.php?rest_route=%2Fwp%2Fv2%2Fcategories&post=1815"},{"taxonomy":"post_tag","embeddable":true,"href":"https:\/\/encuentroinformativo.com.mx\/index.php?rest_route=%2Fwp%2Fv2%2Ftags&post=1815"}],"curies":[{"name":"wp","href":"https:\/\/api.w.org\/{rel}","templated":true}]}}