{"id":18151,"date":"2021-09-07T14:38:13","date_gmt":"2021-09-07T19:38:13","guid":{"rendered":"https:\/\/encuentroinformativo.com.mx\/?p=18151"},"modified":"2021-09-07T14:38:17","modified_gmt":"2021-09-07T19:38:17","slug":"respaldan-senadores-panistas-a-coordinador-de-bancada","status":"publish","type":"post","link":"https:\/\/encuentroinformativo.com.mx\/?p=18151","title":{"rendered":"Respaldan senadores panistas a coordinador de bancada"},"content":{"rendered":"\n<p><strong>Alejandro \u00c1vila<\/strong><\/p>\n\n\n\n<p>Veracruz, Ver.- Este martes 7 de septiembre en rueda de prensa, las Senadoras y Senadores del Grupo Parlamentario de PAN, respaldaron al veracruzano Julen Rementer\u00eda del Puerto como su coordinador en la C\u00e1mara Alta.<\/p>\n\n\n\n<p>Cabe recordar que el pasado jueves 2 de septiembre, el Senador firm\u00f3 un acuerdo con el grupo de ultra derecha espa\u00f1ola VOX, bajo el argumento de crear alianzas para no permitir entrar el comunismo a M\u00e9xico, acci\u00f3n que le gener\u00f3 diversas criticas a nivel nacional e incluso dentro de su partido pol\u00edtico, de corrientes no afines a su trabajo.<\/p>\n\n\n\n<p>&#8220;Manifestamos nuestra confianza en la conducci\u00f3n de los trabajos que venimos realizando desde el Grupo Parlamentario. Vamos a seguir trabajando prioritariamente en las preocupaciones de las y los mexicanos, curar a las familias fortaleciendo el sistema de salud, impulsar el empleo como el mejor camino para acabar con la pobreza y lograr una estrategia efectiva contra la violencia&#8221;, agreg\u00f3 la Senadora, Alejandra Reynoso, tras dar el &#8220;espaldarazo&#8221; al veracruzano.<\/p>\n\n\n\n<p>Previo a ello, el ex alcalde de Veracruz, destac\u00f3 que lleva 24 a\u00f1os de militancia en el Partido Acci\u00f3n Nacional, donde destac\u00f3 la lucha que ha realizado desde que ingres\u00f3 a la funci\u00f3n p\u00fablica, por el bien de todos los ciudadanos.<\/p>\n\n\n\n<p>Aunado a ello, ofrecio una disculpa por la firma de la Carta de Madrid, al tiempo que reconoci\u00f3 fue un error.<\/p>\n\n\n\n<p>&#8220;Lo sucedido el jueves, por las condiciones en las que se dio, fue un error, y se prest\u00f3 a interpretaciones que no corresponden a los ideales y principios del PAN, mucho menos se trat\u00f3 de una alianza, esta en su caso, ser\u00eda una atribuci\u00f3n de la dirigencia de nuestro partido. Ofrezco una disculpa a titulo personal si ofendi a mis compa\u00f1eras y compa\u00f1eros Senadores, a nuestro partido o a alguien en la sociedad, por la forma en que se comunic\u00f3, ya he tomado las decisiones pertinentes para corregirlo&#8221;, sentenci\u00f3 Rementeria del Puerto.<\/p>\n","protected":false},"excerpt":{"rendered":"<p>Alejandro \u00c1vila Veracruz, Ver.- Este martes 7 de septiembre en rueda de prensa, las Senadoras y Senadores del Grupo Parlamentario de PAN, respaldaron al veracruzano Julen Rementer\u00eda del Puerto como su coordinador en la C\u00e1mara Alta. Cabe recordar que el pasado jueves 2 de septiembre, el Senador firm\u00f3 un acuerdo con el grupo de ultra [&hellip;]<\/p>\n","protected":false},"author":1,"featured_media":18152,"comment_status":"open","ping_status":"open","sticky":false,"template":"","format":"standard","meta":{"_jetpack_memberships_contains_paid_content":false,"footnotes":""},"categories":[12],"tags":[],"class_list":["post-18151","post","type-post","status-publish","format-standard","has-post-thumbnail","hentry","category-nacional"],"jetpack_featured_media_url":"https:\/\/encuentroinformativo.com.mx\/wp-content\/uploads\/2021\/09\/9C923767-28D8-4527-BA11-F86FEA6BF786.jpeg","jetpack_sharing_enabled":true,"jetpack_likes_enabled":true,"amp_enabled":true,"_links":{"self":[{"href":"https:\/\/encuentroinformativo.com.mx\/index.php?rest_route=\/wp\/v2\/posts\/18151","targetHints":{"allow":["GET"]}}],"collection":[{"href":"https:\/\/encuentroinformativo.com.mx\/index.php?rest_route=\/wp\/v2\/posts"}],"about":[{"href":"https:\/\/encuentroinformativo.com.mx\/index.php?rest_route=\/wp\/v2\/types\/post"}],"author":[{"embeddable":true,"href":"https:\/\/encuentroinformativo.com.mx\/index.php?rest_route=\/wp\/v2\/users\/1"}],"replies":[{"embeddable":true,"href":"https:\/\/encuentroinformativo.com.mx\/index.php?rest_route=%2Fwp%2Fv2%2Fcomments&post=18151"}],"version-history":[{"count":1,"href":"https:\/\/encuentroinformativo.com.mx\/index.php?rest_route=\/wp\/v2\/posts\/18151\/revisions"}],"predecessor-version":[{"id":18153,"href":"https:\/\/encuentroinformativo.com.mx\/index.php?rest_route=\/wp\/v2\/posts\/18151\/revisions\/18153"}],"wp:featuredmedia":[{"embeddable":true,"href":"https:\/\/encuentroinformativo.com.mx\/index.php?rest_route=\/wp\/v2\/media\/18152"}],"wp:attachment":[{"href":"https:\/\/encuentroinformativo.com.mx\/index.php?rest_route=%2Fwp%2Fv2%2Fmedia&parent=18151"}],"wp:term":[{"taxonomy":"category","embeddable":true,"href":"https:\/\/encuentroinformativo.com.mx\/index.php?rest_route=%2Fwp%2Fv2%2Fcategories&post=18151"},{"taxonomy":"post_tag","embeddable":true,"href":"https:\/\/encuentroinformativo.com.mx\/index.php?rest_route=%2Fwp%2Fv2%2Ftags&post=18151"}],"curies":[{"name":"wp","href":"https:\/\/api.w.org\/{rel}","templated":true}]}}