{"id":18154,"date":"2021-09-07T15:00:41","date_gmt":"2021-09-07T20:00:41","guid":{"rendered":"https:\/\/encuentroinformativo.com.mx\/?p=18154"},"modified":"2021-09-07T15:00:44","modified_gmt":"2021-09-07T20:00:44","slug":"en-tres-meses-escuela-registra-quinto-robo-en-veracruz","status":"publish","type":"post","link":"https:\/\/encuentroinformativo.com.mx\/?p=18154","title":{"rendered":"En tres meses, escuela registra quinto robo en Veracruz"},"content":{"rendered":"\n<p><strong>Alejandro \u00c1vila<\/strong><\/p>\n\n\n\n<p>Veracruz, Ver.- La escuela primaria &#8220;Julio S. Montero&#8221; ubicada en la calle Revillagigedo del centro de la ciudad de Veracruz, sufri\u00f3 su quinto robo en menos de tres meses, inform\u00f3 la directora del plantel educativo, Aida Alicia Santiago Alvarado.<\/p>\n\n\n\n<p>La docente se\u00f1al\u00f3 que de julio a la fecha han sufrido el hurto de cableado el\u00e9ctrico en su mayor\u00eda, aunque tambi\u00e9n han violentado la instituci\u00f3n y robado otros art\u00edculos.<\/p>\n\n\n\n<p>&#8220;El fin de semana entraron, traje a un se\u00f1or para que reparara el port\u00f3n, ayer llegando, otra vez el port\u00f3n estaba abierto, nos encontramos ah\u00ed un enfriador de agua, hab\u00eda dos, dejaron uno, se llevaron uno, y la parte de arriba todav\u00eda ten\u00eda cable, ya todos esos cables ya los saquearon. En un sal\u00f3n ya los ventiladores ya me los desconectaron todo el cable, los apagadores los quitaron, todo lo destrozaron y, se volvi\u00f3 a arreglar el port\u00f3n, de hecho a mi me cuesta trabajo abrirlo, pero a ellos (ladrones) no s\u00e9 de que manera le hacen que lo abren, y hoy otra vez, a las 8 de la ma\u00f1ana que se llega, poquito antes, estaba otra vez abierto el port\u00f3n&#8221;, relat\u00f3 la directora.<\/p>\n\n\n\n<p>La maestra expuso que incluso la bomba de agua fue robada a pesar de estar cubierta por un nicho de cemento, mismo que fue cinceleado para poder hurtar la bomba; adem\u00e1s, dijo que la tuber\u00eda del segundo piso tambi\u00e9n fue robada, la cual no ten\u00eda ni un a\u00f1o de haber sido instalada por personal de Espacios Educativos.<\/p>\n\n\n\n<p>&#8220;Me pusieron dos rotoplas nuevos y ya me los rompieron a la hora de que sacaron la tuber\u00eda de ah\u00ed. Me los rompieron, y pues toda la tuber\u00eda de cobre se la llevaron, no tenemos agua, no tenemos luz, la escuela no se encuentra en condiciones&#8221;, subray\u00f3.<\/p>\n\n\n\n<p>Finalmente, la directora dijo que existe una denuncia en la Fiscal\u00eda General del Estado, pero no existe respuesta policial a pesar de estar en el grupo de Whats App de la Secretar\u00eda de Seguridad P\u00fablica, a quienes acusan de solo pasar por fuera, tomar foto y mandarla para justificar su trabajo, aunque nunca bajan a revisar si hay alguien dentro de la escuela.<\/p>\n","protected":false},"excerpt":{"rendered":"<p>Alejandro \u00c1vila Veracruz, Ver.- La escuela primaria &#8220;Julio S. Montero&#8221; ubicada en la calle Revillagigedo del centro de la ciudad de Veracruz, sufri\u00f3 su quinto robo en menos de tres meses, inform\u00f3 la directora del plantel educativo, Aida Alicia Santiago Alvarado. La docente se\u00f1al\u00f3 que de julio a la fecha han sufrido el hurto de [&hellip;]<\/p>\n","protected":false},"author":1,"featured_media":18155,"comment_status":"open","ping_status":"open","sticky":false,"template":"","format":"standard","meta":{"_jetpack_memberships_contains_paid_content":false,"footnotes":""},"categories":[2],"tags":[],"class_list":["post-18154","post","type-post","status-publish","format-standard","has-post-thumbnail","hentry","category-estado"],"jetpack_featured_media_url":"https:\/\/encuentroinformativo.com.mx\/wp-content\/uploads\/2021\/09\/90C5AE21-15CA-4EAB-8026-A542676D6686.jpeg","jetpack_sharing_enabled":true,"jetpack_likes_enabled":true,"amp_enabled":true,"_links":{"self":[{"href":"https:\/\/encuentroinformativo.com.mx\/index.php?rest_route=\/wp\/v2\/posts\/18154","targetHints":{"allow":["GET"]}}],"collection":[{"href":"https:\/\/encuentroinformativo.com.mx\/index.php?rest_route=\/wp\/v2\/posts"}],"about":[{"href":"https:\/\/encuentroinformativo.com.mx\/index.php?rest_route=\/wp\/v2\/types\/post"}],"author":[{"embeddable":true,"href":"https:\/\/encuentroinformativo.com.mx\/index.php?rest_route=\/wp\/v2\/users\/1"}],"replies":[{"embeddable":true,"href":"https:\/\/encuentroinformativo.com.mx\/index.php?rest_route=%2Fwp%2Fv2%2Fcomments&post=18154"}],"version-history":[{"count":1,"href":"https:\/\/encuentroinformativo.com.mx\/index.php?rest_route=\/wp\/v2\/posts\/18154\/revisions"}],"predecessor-version":[{"id":18156,"href":"https:\/\/encuentroinformativo.com.mx\/index.php?rest_route=\/wp\/v2\/posts\/18154\/revisions\/18156"}],"wp:featuredmedia":[{"embeddable":true,"href":"https:\/\/encuentroinformativo.com.mx\/index.php?rest_route=\/wp\/v2\/media\/18155"}],"wp:attachment":[{"href":"https:\/\/encuentroinformativo.com.mx\/index.php?rest_route=%2Fwp%2Fv2%2Fmedia&parent=18154"}],"wp:term":[{"taxonomy":"category","embeddable":true,"href":"https:\/\/encuentroinformativo.com.mx\/index.php?rest_route=%2Fwp%2Fv2%2Fcategories&post=18154"},{"taxonomy":"post_tag","embeddable":true,"href":"https:\/\/encuentroinformativo.com.mx\/index.php?rest_route=%2Fwp%2Fv2%2Ftags&post=18154"}],"curies":[{"name":"wp","href":"https:\/\/api.w.org\/{rel}","templated":true}]}}