{"id":18179,"date":"2021-09-07T21:52:11","date_gmt":"2021-09-08T02:52:11","guid":{"rendered":"https:\/\/encuentroinformativo.com.mx\/?p=18179"},"modified":"2021-09-07T21:52:14","modified_gmt":"2021-09-08T02:52:14","slug":"sismo-de-7-1-se-sintio-en-veracruz","status":"publish","type":"post","link":"https:\/\/encuentroinformativo.com.mx\/?p=18179","title":{"rendered":"Sismo de 7.1 se sinti\u00f3 en Veracruz"},"content":{"rendered":"\n<p><strong>Redacci\u00f3n<\/strong> <\/p>\n\n\n\n<p>Xalapa, Ver.- De acuerdo al Sistema Sismol\u00f3gico Nacional fueron poco minutos antes de las nueve de la noche que se registr\u00f3 un sismo con magnitud de 7.1 grados con epicentro en Guerrero.<\/p>\n\n\n\n<p>El Servicio Sismol\u00f3gico Nacional actualiz\u00f3 el reporte de sismo, registrado a las 20:47 hrs con magnitud 7.1 y profundidad de 10 km, con epicentro localizado a 11km al suroeste de Acapulco Guerrero, y con percepci\u00f3n en el estado de Veracruz.<\/p>\n\n\n\n<p>El movimiento  se sinti\u00f3 en casi todo el territorio veracruzano por lo que familias salieron a las calles, mientras que algunos espacios como plazas comerciales fueron desalojados.<\/p>\n\n\n\n<p>De acuerdo a autoridades de la Secretar\u00eda de Protecci\u00f3n Civil hasta el momento, no se tienen reportes de afectaci\u00f3n a infraestructura estrat\u00e9gica, ni de personas lesionadas.<\/p>\n","protected":false},"excerpt":{"rendered":"<p>Redacci\u00f3n Xalapa, Ver.- De acuerdo al Sistema Sismol\u00f3gico Nacional fueron poco minutos antes de las nueve de la noche que se registr\u00f3 un sismo con magnitud de 7.1 grados con epicentro en Guerrero. El Servicio Sismol\u00f3gico Nacional actualiz\u00f3 el reporte de sismo, registrado a las 20:47 hrs con magnitud 7.1 y profundidad de 10 km, [&hellip;]<\/p>\n","protected":false},"author":1,"featured_media":18180,"comment_status":"open","ping_status":"open","sticky":false,"template":"","format":"standard","meta":{"_jetpack_memberships_contains_paid_content":false,"footnotes":""},"categories":[2],"tags":[],"class_list":["post-18179","post","type-post","status-publish","format-standard","has-post-thumbnail","hentry","category-estado"],"jetpack_featured_media_url":"https:\/\/encuentroinformativo.com.mx\/wp-content\/uploads\/2021\/09\/ED09BE7D-DB91-4BB8-BA6B-ACDCC9911658.jpeg","jetpack_sharing_enabled":true,"jetpack_likes_enabled":true,"amp_enabled":true,"_links":{"self":[{"href":"https:\/\/encuentroinformativo.com.mx\/index.php?rest_route=\/wp\/v2\/posts\/18179","targetHints":{"allow":["GET"]}}],"collection":[{"href":"https:\/\/encuentroinformativo.com.mx\/index.php?rest_route=\/wp\/v2\/posts"}],"about":[{"href":"https:\/\/encuentroinformativo.com.mx\/index.php?rest_route=\/wp\/v2\/types\/post"}],"author":[{"embeddable":true,"href":"https:\/\/encuentroinformativo.com.mx\/index.php?rest_route=\/wp\/v2\/users\/1"}],"replies":[{"embeddable":true,"href":"https:\/\/encuentroinformativo.com.mx\/index.php?rest_route=%2Fwp%2Fv2%2Fcomments&post=18179"}],"version-history":[{"count":1,"href":"https:\/\/encuentroinformativo.com.mx\/index.php?rest_route=\/wp\/v2\/posts\/18179\/revisions"}],"predecessor-version":[{"id":18181,"href":"https:\/\/encuentroinformativo.com.mx\/index.php?rest_route=\/wp\/v2\/posts\/18179\/revisions\/18181"}],"wp:featuredmedia":[{"embeddable":true,"href":"https:\/\/encuentroinformativo.com.mx\/index.php?rest_route=\/wp\/v2\/media\/18180"}],"wp:attachment":[{"href":"https:\/\/encuentroinformativo.com.mx\/index.php?rest_route=%2Fwp%2Fv2%2Fmedia&parent=18179"}],"wp:term":[{"taxonomy":"category","embeddable":true,"href":"https:\/\/encuentroinformativo.com.mx\/index.php?rest_route=%2Fwp%2Fv2%2Fcategories&post=18179"},{"taxonomy":"post_tag","embeddable":true,"href":"https:\/\/encuentroinformativo.com.mx\/index.php?rest_route=%2Fwp%2Fv2%2Ftags&post=18179"}],"curies":[{"name":"wp","href":"https:\/\/api.w.org\/{rel}","templated":true}]}}