{"id":1818,"date":"2020-04-13T13:54:55","date_gmt":"2020-04-13T18:54:55","guid":{"rendered":"https:\/\/encuentroinformativo.com\/?p=1818"},"modified":"2020-04-13T13:54:57","modified_gmt":"2020-04-13T18:54:57","slug":"sequia-extrema-en-municipios-del-norte-conagua","status":"publish","type":"post","link":"https:\/\/encuentroinformativo.com.mx\/?p=1818","title":{"rendered":"Sequ\u00eda extrema en municipios del norte: Conagua"},"content":{"rendered":"\n<p><strong>Juan Arcos <\/strong><\/p>\n\n\n\n<p>Xalapa, Ver.- La Comisi\u00f3n Nacional del Agua (Conagua) reporta que siete municipios de la zona norte de Veracruz padecen sequ\u00eda extrema.<\/p>\n\n\n\n<p>De acuerdo Jessica Iveth Luna Lagunes, especialista del Organismo de Cuenca Golfo Centro de la Conagua, se trata de Chalma, Chiconamel, Chicontepec, Tantoyuca, Tempoal, El Higo y Plat\u00f3n S\u00e1nchez.<\/p>\n\n\n\n<p>Estos lugares han padecido la escasez de lluvias desde el a\u00f1o pasado y se prev\u00e9n afectaciones tambi\u00e9n durante este 2020 por el mismo motivo.<\/p>\n\n\n\n<p>De acuerdo con el \u00faltimo corte al 31 de marzo, en Veracruz hay 84 municipios con alg\u00fan grado de sequ\u00eda: 44 con sequ\u00eda moderada, 33 con sequ\u00eda severa y siete con sequ\u00eda extrema.<\/p>\n\n\n\n<p>\u201cEl pron\u00f3stico de abril y mayo indica d\u00e9ficit de lluvias para gran parte del estado de Veracruz y vamos a estar pendientes para el inicio de las tormentas que inician el 15 de mayo en la cuenca del Pac\u00edfico y el 1 de junio en el Atl\u00e1ntico\u201d.<\/p>\n\n\n\n<p>La Conagua ha medido los niveles de los r\u00edos y observ\u00f3 que son bajos en comparaci\u00f3n con el a\u00f1o pasado.<\/p>\n\n\n\n<p>Adem\u00e1s, Luna Lagunes mencion\u00f3 que los arroyos peque\u00f1os se han secado en Xalapa y varios municipios.<\/p>\n\n\n\n<p>\u201cEl a\u00f1o pasado a estas fechas no ten\u00edamos municipios con alg\u00fan grado de sequ\u00eda y esta situaci\u00f3n se comenz\u00f3 a complicar a mediados de 2019 y alcanz\u00f3 su m\u00e1ximo de sequ\u00eda en septiembre y octubre\u201d, a\u00f1adi\u00f3 la meteor\u00f3loga.<\/p>\n\n\n\n<p>Detall\u00f3 que desde 2013 no se ten\u00eda registro de una \u201csequ\u00eda seccional\u201d en Veracruz, como la ocurrida en 2019.<\/p>\n\n\n\n<p>Se trata del m\u00e1ximo par\u00e1metro del Servicio Meteorol\u00f3gico Nacional, donde m\u00e1s de 200 de los 212 municipios presentaron alg\u00fan nivel de sequ\u00eda.<br><\/p>\n\n\n\n<p><\/p>\n","protected":false},"excerpt":{"rendered":"<p>Juan Arcos Xalapa, Ver.- La Comisi\u00f3n Nacional del Agua (Conagua) reporta que siete municipios de la zona norte de Veracruz padecen sequ\u00eda extrema. De acuerdo Jessica Iveth Luna Lagunes, especialista del Organismo de Cuenca Golfo Centro de la Conagua, se trata de Chalma, Chiconamel, Chicontepec, Tantoyuca, Tempoal, El Higo y Plat\u00f3n S\u00e1nchez. Estos lugares han [&hellip;]<\/p>\n","protected":false},"author":1,"featured_media":970,"comment_status":"open","ping_status":"open","sticky":false,"template":"","format":"standard","meta":{"_jetpack_memberships_contains_paid_content":false,"footnotes":""},"categories":[2],"tags":[],"class_list":["post-1818","post","type-post","status-publish","format-standard","has-post-thumbnail","hentry","category-estado"],"jetpack_featured_media_url":"https:\/\/encuentroinformativo.com.mx\/wp-content\/uploads\/2020\/03\/4382FDB5-4248-4292-A0B7-65799269BDCB.jpeg","jetpack_sharing_enabled":true,"jetpack_likes_enabled":true,"amp_enabled":true,"_links":{"self":[{"href":"https:\/\/encuentroinformativo.com.mx\/index.php?rest_route=\/wp\/v2\/posts\/1818","targetHints":{"allow":["GET"]}}],"collection":[{"href":"https:\/\/encuentroinformativo.com.mx\/index.php?rest_route=\/wp\/v2\/posts"}],"about":[{"href":"https:\/\/encuentroinformativo.com.mx\/index.php?rest_route=\/wp\/v2\/types\/post"}],"author":[{"embeddable":true,"href":"https:\/\/encuentroinformativo.com.mx\/index.php?rest_route=\/wp\/v2\/users\/1"}],"replies":[{"embeddable":true,"href":"https:\/\/encuentroinformativo.com.mx\/index.php?rest_route=%2Fwp%2Fv2%2Fcomments&post=1818"}],"version-history":[{"count":1,"href":"https:\/\/encuentroinformativo.com.mx\/index.php?rest_route=\/wp\/v2\/posts\/1818\/revisions"}],"predecessor-version":[{"id":1819,"href":"https:\/\/encuentroinformativo.com.mx\/index.php?rest_route=\/wp\/v2\/posts\/1818\/revisions\/1819"}],"wp:featuredmedia":[{"embeddable":true,"href":"https:\/\/encuentroinformativo.com.mx\/index.php?rest_route=\/wp\/v2\/media\/970"}],"wp:attachment":[{"href":"https:\/\/encuentroinformativo.com.mx\/index.php?rest_route=%2Fwp%2Fv2%2Fmedia&parent=1818"}],"wp:term":[{"taxonomy":"category","embeddable":true,"href":"https:\/\/encuentroinformativo.com.mx\/index.php?rest_route=%2Fwp%2Fv2%2Fcategories&post=1818"},{"taxonomy":"post_tag","embeddable":true,"href":"https:\/\/encuentroinformativo.com.mx\/index.php?rest_route=%2Fwp%2Fv2%2Ftags&post=1818"}],"curies":[{"name":"wp","href":"https:\/\/api.w.org\/{rel}","templated":true}]}}