{"id":18182,"date":"2021-09-08T00:51:57","date_gmt":"2021-09-08T05:51:57","guid":{"rendered":"https:\/\/encuentroinformativo.com.mx\/?p=18182"},"modified":"2021-09-08T00:51:59","modified_gmt":"2021-09-08T05:51:59","slug":"sismo-se-percibio-en-45-municipios-veracruzanos","status":"publish","type":"post","link":"https:\/\/encuentroinformativo.com.mx\/?p=18182","title":{"rendered":"Sismo se percibi\u00f3 en 45 municipios veracruzanos"},"content":{"rendered":"\n<p><strong>Juan Arcos<\/strong><\/p>\n\n\n\n<p>Xalapa, Ver.- El sismo de 7.1 grados con epicentro en Acapulco, estado de Guerrero, tambi\u00e9n se percibi\u00f3 en el estado de Veracruz, lo que alarm\u00f3 a la poblaci\u00f3n en 45 de los 212 municipios.<\/p>\n\n\n\n<p>La Secretar\u00eda de Protecci\u00f3n Civil de Veracruz (PC) inform\u00f3 que hasta el momento no hay reporte de afectaciones a infraestructura estrat\u00e9gica, ni de personas lesionadas.<\/p>\n\n\n\n<p>Adem\u00e1s, contin\u00faa el monitoreo de la dependencia estatal, a cargo de Guadalupe Osorno Maldonado, con autoridades municipales y fuerzas de tarea de los tres niveles de gobierno.\u00a0<\/p>\n\n\n\n<p>El temblor ocurri\u00f3 a las 20:47 horas a 11 kil\u00f3metros al suroeste de Acapulco, de acuerdo con el reporte del Servicio Sismol\u00f3gico Nacional (SSN).<\/p>\n\n\n\n<p>El sismo alarm\u00f3 a las pobladores del puerto de Veracruz, Boca del R\u00edo, Poza Rica, Orizaba, C\u00f3rdoba, San Rafael, Huatusco, Coatzacoalcos, Coatepec, Xalapa y otros lugares.\u00a0<\/p>\n\n\n\n<p>El gobernador de Veracruz, Cuitl\u00e1huac Garc\u00eda Jim\u00e9nez, dio a conocer que en varios puntos de la entidad se realizaron evacuaciones de manera preventiva.<\/p>\n\n\n\n<p>En Xalapa se desalojaron las instalaciones de la Secretar\u00eda de Finanzas y Planeaci\u00f3n (Sefiplan), el Centro Estatal de Cancerolog\u00eda \u201cDoctor Miguel Dorantes Mesa\u201d, la Torre Olmo y las oficinas de la Fiscal\u00eda General del Estado (FGE), ubicadas sobre la avenida Manuel \u00c1vila Camacho, en el Centro Hist\u00f3rico de la capital del Estado.\u00a0<\/p>\n\n\n\n<p>Mientras que en el puerto de Veracruz fueron evacuadas las oficinas del Instituto Veracruzano de la Cultura (IVEC), de la Comisi\u00f3n Federal de Electricidad (CFE), el Hospital Regional y la Torre Pedi\u00e1trica.<br>Los mismo ocurri\u00f3 en las instalaciones del Instituto Mexicano del Seguro Social (IMSS), en el municipio de Lerdo de Tejada, as\u00ed como tambi\u00e9n, el hospital de Tlapacoyan.&nbsp;<\/p>\n\n\n\n<p>El mandatario estatal pidi\u00f3 a la poblaci\u00f3n mantenerse informada a trav\u00e9s de las redes de la Secretar\u00eda de Protecci\u00f3n Civil del estado de Veracruz.<\/p>\n","protected":false},"excerpt":{"rendered":"<p>Juan Arcos Xalapa, Ver.- El sismo de 7.1 grados con epicentro en Acapulco, estado de Guerrero, tambi\u00e9n se percibi\u00f3 en el estado de Veracruz, lo que alarm\u00f3 a la poblaci\u00f3n en 45 de los 212 municipios. La Secretar\u00eda de Protecci\u00f3n Civil de Veracruz (PC) inform\u00f3 que hasta el momento no hay reporte de afectaciones a [&hellip;]<\/p>\n","protected":false},"author":1,"featured_media":18183,"comment_status":"open","ping_status":"open","sticky":false,"template":"","format":"standard","meta":{"_jetpack_memberships_contains_paid_content":false,"footnotes":""},"categories":[2],"tags":[],"class_list":["post-18182","post","type-post","status-publish","format-standard","has-post-thumbnail","hentry","category-estado"],"jetpack_featured_media_url":"https:\/\/encuentroinformativo.com.mx\/wp-content\/uploads\/2021\/09\/A9DB543F-51AB-4DF7-9EB7-A1EF452DFEDC.jpeg","jetpack_sharing_enabled":true,"jetpack_likes_enabled":true,"amp_enabled":true,"_links":{"self":[{"href":"https:\/\/encuentroinformativo.com.mx\/index.php?rest_route=\/wp\/v2\/posts\/18182","targetHints":{"allow":["GET"]}}],"collection":[{"href":"https:\/\/encuentroinformativo.com.mx\/index.php?rest_route=\/wp\/v2\/posts"}],"about":[{"href":"https:\/\/encuentroinformativo.com.mx\/index.php?rest_route=\/wp\/v2\/types\/post"}],"author":[{"embeddable":true,"href":"https:\/\/encuentroinformativo.com.mx\/index.php?rest_route=\/wp\/v2\/users\/1"}],"replies":[{"embeddable":true,"href":"https:\/\/encuentroinformativo.com.mx\/index.php?rest_route=%2Fwp%2Fv2%2Fcomments&post=18182"}],"version-history":[{"count":1,"href":"https:\/\/encuentroinformativo.com.mx\/index.php?rest_route=\/wp\/v2\/posts\/18182\/revisions"}],"predecessor-version":[{"id":18184,"href":"https:\/\/encuentroinformativo.com.mx\/index.php?rest_route=\/wp\/v2\/posts\/18182\/revisions\/18184"}],"wp:featuredmedia":[{"embeddable":true,"href":"https:\/\/encuentroinformativo.com.mx\/index.php?rest_route=\/wp\/v2\/media\/18183"}],"wp:attachment":[{"href":"https:\/\/encuentroinformativo.com.mx\/index.php?rest_route=%2Fwp%2Fv2%2Fmedia&parent=18182"}],"wp:term":[{"taxonomy":"category","embeddable":true,"href":"https:\/\/encuentroinformativo.com.mx\/index.php?rest_route=%2Fwp%2Fv2%2Fcategories&post=18182"},{"taxonomy":"post_tag","embeddable":true,"href":"https:\/\/encuentroinformativo.com.mx\/index.php?rest_route=%2Fwp%2Fv2%2Ftags&post=18182"}],"curies":[{"name":"wp","href":"https:\/\/api.w.org\/{rel}","templated":true}]}}