{"id":18188,"date":"2021-09-08T09:29:50","date_gmt":"2021-09-08T14:29:50","guid":{"rendered":"https:\/\/encuentroinformativo.com.mx\/?p=18188"},"modified":"2021-09-08T09:29:54","modified_gmt":"2021-09-08T14:29:54","slug":"los-mismos-panistas-le-echaron-gasolina-al-caso-vox","status":"publish","type":"post","link":"https:\/\/encuentroinformativo.com.mx\/?p=18188","title":{"rendered":"LOS MISMOS PANISTAS LE ECHARON GASOLINA AL CASO VOX"},"content":{"rendered":"\n<p><strong>ColumnaSinNombre<br>@pablojair<\/strong><\/p>\n\n\n\n<ul class=\"wp-block-list\"><li>Turnan ampliaci\u00f3n presupuestal para el Poder Judicial.<\/li><li>La senadora \u201cMalinche\u201d con el gachup\u00edn.<\/li><li>Buscan experiencia en la Polic\u00eda Municipal de Xalapa.<\/li><li>Puro power minatitleco en la C\u00e1mara de Diputados.<\/li><li>Se reprogram\u00f3 develaci\u00f3n de estatua de Ignacio de la Llave.<\/li><\/ul>\n\n\n\n<p>Que el sismo es prueba fehaciente<br>del movimiento que genera la Cuarta Transformeishion,<br>pero ustedes no lo quieren aceptar<br>\u2014Chopenjawer chairo<\/p>\n\n\n\n<p>Aunque ya el Partido Acci\u00f3n Nacional (PAN) dio cierre al esc\u00e1ndalo de haber recibido al ultraderechista espa\u00f1ol Santiago Abascal para tomarse la foto y hasta firmar una \u201ccartita\u201d con \u00e9l para \u201ccombatir\u201d el \u201ccomunismo\u201d, todav\u00eda hay aristas que persisten.<\/p>\n\n\n\n<p>Al menos el senador Julen Rementer\u00eda del Puerto ya le dio vuelta a la p\u00e1gina, porque este martes ofreci\u00f3 disculpas por lo ocurrido.<\/p>\n\n\n\n<p>\u201cLo sucedido el jueves por las condiciones en que se dio fue un error y se prest\u00f3 a interpretaciones que no corresponden a los ideales y principios del PAN; mucho menos se trat\u00f3 de una alianza, eso -en su caso- ser\u00eda una atribuci\u00f3n de la dirigencia de nuestro partido. Ofrezco una disculpa a t\u00edtulo personal si ofend\u00ed o lastim\u00e9 a mis compa\u00f1eros, a nuestro partido o a alguien de la sociedad por la forma en que se comunic\u00f3\u201d, declar\u00f3.<\/p>\n\n\n\n<p>Al legislador lo acompa\u00f1aron compa\u00f1eros de bancada, mostrando respaldo al tambi\u00e9n exalcalde de Veracruz; tambi\u00e9n la vicecoordinadora del PAN en el Senado, Kenia L\u00f3pez Rabad\u00e1n, dio declaraciones el pasado lunes diciendo que Rementer\u00eda del Puerto ten\u00eda el respaldo de su bancada, a pesar de la reuni\u00f3n que encabez\u00f3 con el l\u00edder del partido Vox.<\/p>\n\n\n\n<p>Es curioso, pero ac\u00e1 en la aldea veracruzana parece que los aliados del senador andan comiendo camote o tomando lechita caliente, porque no salieron a respaldar a su l\u00edder, que se supone es el mejor posicionado para hacer frente a Morena y al grupo de los Yunes panuchos. El mismo Comit\u00e9 Estatal, dirigido por Joaqu\u00edn Guzm\u00e1n Avil\u00e9s, no ha emitido postura o comunicado alguno.<\/p>\n\n\n\n<p>Pese a que el PAN ya parece apostarle al olvido con el tema, debe comentarse que todav\u00eda hay algunas molestias porque existen comentarios sobre que quien realmente organiz\u00f3 todo el aquelarre para reunirse con el mamuco espa\u00f1ol perdonavidas fue precisamente el mism\u00edsimo dirigente nacional Marko Cort\u00e9s, y eso explicar\u00eda el porqu\u00e9 incluso hasta personas no afines al senador, como la legisladora Indira Rosales, acudieron a la reuni\u00f3n con el presidente de Vox.<\/p>\n\n\n\n<p>Marko Cort\u00e9s, como se sabe, est\u00e1 ausente (bueno, ya estaba de por s\u00ed) porque anda con el asunto de tratar de repetir en el cargo partidista que se renueva en algunas semanas.<\/p>\n\n\n\n<p>Entre que son peras o son manzanas, es curioso pero fueron los mismos panistas los que le siguieron echando m\u00e1s gasolina al asunto.<\/p>\n\n\n\n<p>Como ejemplo est\u00e1 la diputada federal Maryjose Gamboa, la panista que opera para la familia Yunes, quien ya de plano le puso el dedo a Rementer\u00eda y le pidi\u00f3 su renuncia.<\/p>\n\n\n\n<p>Quien le contest\u00f3 fue un exyunista, el conocido regidor panista Luis Humberto Tejeda Taibo: \u201cHoy nuestra compa\u00f1era Diputada Federal Maryjose Gamboa solicita renuncie el Senador Julen Rementer\u00eda a la Coordinaci\u00f3n del PAN en el Congreso\u2026pero oh sorpresa no menciona que la compa\u00f1era de su grupo la Senadora Indira Rosales tambi\u00e9n estuvo en esa reuni\u00f3n y ni p\u00edo dice al respecto. Pura grilla\u2026.el Pan est\u00e1 dividido\u201d.<\/p>\n\n\n\n<p>En ese mismo tenor, justo en la conferencia de prensa donde Julen Rementer\u00eda ofreci\u00f3 disculpas por el esc\u00e1ndalo de Vox, la gran ausente fue Indira Rosales, quien anda desesperada tratando de desviar la atenci\u00f3n del tema donde ella tambi\u00e9n tuvo participaci\u00f3n en primera fila, y de quien se pitorrearon recientemente porque en lugar de sumarse a las disculpas prefiri\u00f3 irse a entregar microdespensitas para tomarse la foto disque de apoyo a afectados por el hurac\u00e1n \u201cGrace\u201d.<\/p>\n\n\n\n<p>Una foto bastante rid\u00edcula es donde se ve a la senadora con otros cinco pazguatos d\u00e1ndole una bolsita a un viejito.<\/p>\n\n\n\n<p>Ya sabe: la pose.<\/p>\n\n\n\n<p>PAR DE CHIHUAHUAS CONTRA ROTTWEILER<\/p>\n\n\n\n<p>Y ya que hablamos de empleados de los Yunes, el que sigue ausente ha sido el gober Cascarita.<\/p>\n\n\n\n<p>El que ya reapareci\u00f3 y lleg\u00f3 en avi\u00f3n comercial, en primera clase, al aeropuerto de Veracruz, fue su hijo \u201cMiguel Chiquito\u201d, a quien seguramente le dijeron que regresara al puerto porque en nada le ayuda andarse escondiendo en medio de un proceso legal que a-la-de-a-web-os tiene que enfrentar para aclarar el caso de la presunta falsificaci\u00f3n de documentos para mentir sobre su residencia.<\/p>\n\n\n\n<p>Y s\u00ed, andaba en el extranjero el angelito.<\/p>\n\n\n\n<p>Quien ya de plano explot\u00f3 y no aguant\u00f3 la presi\u00f3n fue su hermano Fernandito Perrier, quien casi al borde de que le explotara la vena frontal del coraje (sin Yolanda Maricarmen), arremeti\u00f3 con odio jarocho contra el abogado Jorge Reyes Peralta que lleva el caso de las los documentos oficiales alterados que dio el ayuntamiento.<\/p>\n\n\n\n<p>Reyes Peralta tom\u00f3 nota y le contest\u00f3 en un comunicado, donde le se\u00f1ala: \u201cevadi\u00f3 responder porqu\u00e9 la Fiscal\u00eda General de Justicia del Estado de Veracruz lo investiga por la comisi\u00f3n de varios delitos al utilizar el Ayuntamiento que preside para favorecer electoralmente a su hermano Miguel \u00c1ngel (\u2026) No burlar\u00e1n la ley, no seguir\u00e1n impunes, los ataque porriles a que est\u00e1n acostumbrados no intimidan a nadie. El violador de la ley es Fernando Yunes, que no se olvide\u201d.<\/p>\n\n\n\n<p>Y mire, no es por denostar a los \u201clomitos\u201d, pero en este caso hablamos de dos trinches miniaturas que les encanta ladrar por todo contra un verdadero perr\u00f3n.<\/p>\n\n\n\n<p><strong>NOTA PARA PEGAR EN EL REFRI: <\/strong>Este mi\u00e9rcoles 8 de septiembre se va a turnar desde el Ejecutivo al Congreso del Estado la ampliaci\u00f3n presupuestal de 200 millones de pesos al Poder Judicial, como ya se hab\u00eda anunciado en d\u00edas anteriores\u2026 Lo anterior es para que dicho ente se ponga al corriente con sus obligaciones porque de manera muy irresponsable se gastaron todo el presupuesto y s\u00f3lo les da para cumplir hasta septiembre, quedando tres meses para terminar el a\u00f1o\u2026 Y es que a pesar de los errores del Poder Judicial, a cargo de Isabel In\u00e9s Romero Cruz, pues ah\u00ed les va el rescate, pues de otra forma no cierran el a\u00f1o.<\/p>\n\n\n\n<p><strong>OTRA NOTA: <\/strong>Dicen en la zona conurbada de Veracruz-Boca del R\u00edo que a la senadora que asisti\u00f3 a la reuni\u00f3n con el ultraderechista espa\u00f1ol para tomarse la foto bien sonriente, ya le cambiaron el apodo y ahora le dicen &#8220;La Malinche&#8221;\u2026 No entend\u00ed, \u00bfpos de qui\u00e9n hablan?\u2026<\/p>\n\n\n\n<p><strong>OTRA NOTA EXTRA: <\/strong>Se sabe que el proyecto de la Polic\u00eda Municipal de Xalapa ser\u00e1 renovado por completo para evitar que lleguen jefes policiacos que terminan cayendo al agua en Los Lagos\u2026 No es por nada que el alcalde Ricardo Ahued est\u00e9 contemplando a gente con experiencia en el \u00e1mbito policiaco, lo que es necesario para la capital de Veracruz, pues no puede ser posible que hasta en pleno parque frente al Ayuntamiento realicen robos a comerciantes\u2026 Aunque todav\u00eda falta un rato para que se sepan qui\u00e9nes ser\u00e1n los jefes, se comenta que la entrante administraci\u00f3n municipal s\u00ed est\u00e1 poniendo mucha atenci\u00f3n en lo que se refiere a la corporaci\u00f3n municipal, estudiando perfiles de comandantes reconocidos entre verdaderos polic\u00edas de carrera.<\/p>\n\n\n\n<p><strong>LA \u00daLTIMA NOTA EXTRA: <\/strong>En Veracruz fue muy sonado el nombramiento del minatitleco Miguel \u00c1ngel Luna Modesto como titular del \u00e1rea de Comunicaci\u00f3n Social de la C\u00e1mara de Diputados. Varios medios de comunicaci\u00f3n y del c\u00edrculo pol\u00edtico en Veracruz comentaron del asunto porque saben de la vasta experiencia de Luna Modesto para el manejo de la prensa, adem\u00e1s de una amplia trayectoria en \u00e1reas de la comunicaci\u00f3n institucional. Enhorabuena\u2026 (Que no lo sepa el mundo, pero desde hace rato los minatitlecos andamos invadiendo las esferas de poder y apenas estamos empezando).<\/p>\n\n\n\n<p><strong>LA \u00daLTIMA-\u00daLTIMA PORQUE VOY POR BOLILLOS PARA LAS R\u00c9PLICAS DEL SISMO:<\/strong> El evento de la develaci\u00f3n de la estatua del Gral. Ignacio de la Llave (donada por el Colegio Nacional de Abogados Penalistas) en las instalaciones del Tribunal Superior de Justicia del Estado que se hab\u00eda pospuesto por motivos del hurac\u00e1n Grace, y se program\u00f3 nuevamente para este viernes 10 de septiembre a las 12 horas.<\/p>\n","protected":false},"excerpt":{"rendered":"<p>ColumnaSinNombre@pablojair Turnan ampliaci\u00f3n presupuestal para el Poder Judicial. La senadora \u201cMalinche\u201d con el gachup\u00edn. Buscan experiencia en la Polic\u00eda Municipal de Xalapa. Puro power minatitleco en la C\u00e1mara de Diputados. Se reprogram\u00f3 develaci\u00f3n de estatua de Ignacio de la Llave. Que el sismo es prueba fehacientedel movimiento que genera la Cuarta Transformeishion,pero ustedes no lo [&hellip;]<\/p>\n","protected":false},"author":1,"featured_media":488,"comment_status":"open","ping_status":"open","sticky":false,"template":"","format":"standard","meta":{"_jetpack_memberships_contains_paid_content":false,"footnotes":""},"categories":[11],"tags":[],"class_list":["post-18188","post","type-post","status-publish","format-standard","has-post-thumbnail","hentry","category-opinion"],"jetpack_featured_media_url":"https:\/\/encuentroinformativo.com.mx\/wp-content\/uploads\/2020\/03\/F471F608-BA1A-416B-BA7B-BCFB24F4E6D0.jpeg","jetpack_sharing_enabled":true,"jetpack_likes_enabled":true,"amp_enabled":true,"_links":{"self":[{"href":"https:\/\/encuentroinformativo.com.mx\/index.php?rest_route=\/wp\/v2\/posts\/18188","targetHints":{"allow":["GET"]}}],"collection":[{"href":"https:\/\/encuentroinformativo.com.mx\/index.php?rest_route=\/wp\/v2\/posts"}],"about":[{"href":"https:\/\/encuentroinformativo.com.mx\/index.php?rest_route=\/wp\/v2\/types\/post"}],"author":[{"embeddable":true,"href":"https:\/\/encuentroinformativo.com.mx\/index.php?rest_route=\/wp\/v2\/users\/1"}],"replies":[{"embeddable":true,"href":"https:\/\/encuentroinformativo.com.mx\/index.php?rest_route=%2Fwp%2Fv2%2Fcomments&post=18188"}],"version-history":[{"count":1,"href":"https:\/\/encuentroinformativo.com.mx\/index.php?rest_route=\/wp\/v2\/posts\/18188\/revisions"}],"predecessor-version":[{"id":18189,"href":"https:\/\/encuentroinformativo.com.mx\/index.php?rest_route=\/wp\/v2\/posts\/18188\/revisions\/18189"}],"wp:featuredmedia":[{"embeddable":true,"href":"https:\/\/encuentroinformativo.com.mx\/index.php?rest_route=\/wp\/v2\/media\/488"}],"wp:attachment":[{"href":"https:\/\/encuentroinformativo.com.mx\/index.php?rest_route=%2Fwp%2Fv2%2Fmedia&parent=18188"}],"wp:term":[{"taxonomy":"category","embeddable":true,"href":"https:\/\/encuentroinformativo.com.mx\/index.php?rest_route=%2Fwp%2Fv2%2Fcategories&post=18188"},{"taxonomy":"post_tag","embeddable":true,"href":"https:\/\/encuentroinformativo.com.mx\/index.php?rest_route=%2Fwp%2Fv2%2Ftags&post=18188"}],"curies":[{"name":"wp","href":"https:\/\/api.w.org\/{rel}","templated":true}]}}