{"id":1820,"date":"2020-04-13T14:55:00","date_gmt":"2020-04-13T19:55:00","guid":{"rendered":"https:\/\/encuentroinformativo.com\/?p=1820"},"modified":"2020-04-13T14:55:03","modified_gmt":"2020-04-13T19:55:03","slug":"acuerdan-organizadores-suspension-del-desfile-del-dia-del-trabajo","status":"publish","type":"post","link":"https:\/\/encuentroinformativo.com.mx\/?p=1820","title":{"rendered":"Acuerdan organizadores suspensi\u00f3n del desfile del D\u00eda del Trabajo"},"content":{"rendered":"\n<p><strong>Dar\u00edo Pale <\/strong><\/p>\n\n\n\n<p>Xalapa, Ver.- Debido a la pandemia del COVID-19 que hay en el pa\u00eds el desfile del 1 de mayo con motivo del D\u00eda del Trabajo fue cancelado as\u00ed lo dio a conocer el presidente de Vendedores Independientes del estado de Veracruz (VIVE), Pablo Jim\u00e9nez Ayala.<\/p>\n\n\n\n<p>Entrevistado en conocido caf\u00e9 del centro de Xalapa se\u00f1al\u00f3 que tomaron esta decisi\u00f3n debido a que cada a\u00f1o participan m\u00e1s de 60 mil trabajadores que podr\u00edan ponerse en riesgo de contagio, por los que los organizadores acordaron suspender el evento por primera vez en la historia de Veracruz.<\/p>\n\n\n\n<p>Por ello, indic\u00f3 que se notific\u00f3 al gobernador Cuitl\u00e1huac Garc\u00eda Jim\u00e9nez sobre esta decisi\u00f3n: \u201cSe tom\u00f3 la decisi\u00f3n entre los organizadores que no participemos en el desfile del D\u00eda del Trabajo, que no lo haya\u201c.<\/p>\n\n\n\n<p>Pese a ello, dijo que en el oficio solicitaron una reuni\u00f3n entre los l\u00edderes de los trabajadores con el gobernador para poder plantearle los problemas rezagados as\u00ed como los que se viven en este momento.<\/p>\n\n\n\n<p>\u201cEsta contingencia est\u00e1 poniendo en crisis a los sindicatos, a la gente, al comercio establecido, queremos buscar qu\u00e9 alternativas tiene el Gobierno para resolver esta problem\u00e1tica\u201c, se\u00f1al\u00f3.<\/p>\n\n\n\n<p>Dio a conocer que el delegado federal no se ve con intenciones de apoyar a las personas, tal pareciera que andan en campa\u00f1a ya que dan puras promesas pero no se ve nada en concreto.<\/p>\n\n\n\n<p>Finalmente se\u00f1al\u00f3 que es hist\u00f3rico el que se suspenda el desfile del primero de mayo con motivo del d\u00eda del trabajo, donde recalc\u00f3 que no fue por decisi\u00f3n de las autoridades estatales o municipales si no por los organizadores de del desfile.<\/p>\n\n\n\n<p><\/p>\n","protected":false},"excerpt":{"rendered":"<p>Dar\u00edo Pale Xalapa, Ver.- Debido a la pandemia del COVID-19 que hay en el pa\u00eds el desfile del 1 de mayo con motivo del D\u00eda del Trabajo fue cancelado as\u00ed lo dio a conocer el presidente de Vendedores Independientes del estado de Veracruz (VIVE), Pablo Jim\u00e9nez Ayala. Entrevistado en conocido caf\u00e9 del centro de Xalapa [&hellip;]<\/p>\n","protected":false},"author":1,"featured_media":1821,"comment_status":"open","ping_status":"open","sticky":false,"template":"","format":"standard","meta":{"_jetpack_memberships_contains_paid_content":false,"footnotes":""},"categories":[2],"tags":[],"class_list":["post-1820","post","type-post","status-publish","format-standard","has-post-thumbnail","hentry","category-estado"],"jetpack_featured_media_url":"https:\/\/encuentroinformativo.com.mx\/wp-content\/uploads\/2020\/04\/D387E826-1DE6-492A-9AAB-E567C6512487.jpeg","jetpack_sharing_enabled":true,"jetpack_likes_enabled":true,"amp_enabled":true,"_links":{"self":[{"href":"https:\/\/encuentroinformativo.com.mx\/index.php?rest_route=\/wp\/v2\/posts\/1820","targetHints":{"allow":["GET"]}}],"collection":[{"href":"https:\/\/encuentroinformativo.com.mx\/index.php?rest_route=\/wp\/v2\/posts"}],"about":[{"href":"https:\/\/encuentroinformativo.com.mx\/index.php?rest_route=\/wp\/v2\/types\/post"}],"author":[{"embeddable":true,"href":"https:\/\/encuentroinformativo.com.mx\/index.php?rest_route=\/wp\/v2\/users\/1"}],"replies":[{"embeddable":true,"href":"https:\/\/encuentroinformativo.com.mx\/index.php?rest_route=%2Fwp%2Fv2%2Fcomments&post=1820"}],"version-history":[{"count":1,"href":"https:\/\/encuentroinformativo.com.mx\/index.php?rest_route=\/wp\/v2\/posts\/1820\/revisions"}],"predecessor-version":[{"id":1822,"href":"https:\/\/encuentroinformativo.com.mx\/index.php?rest_route=\/wp\/v2\/posts\/1820\/revisions\/1822"}],"wp:featuredmedia":[{"embeddable":true,"href":"https:\/\/encuentroinformativo.com.mx\/index.php?rest_route=\/wp\/v2\/media\/1821"}],"wp:attachment":[{"href":"https:\/\/encuentroinformativo.com.mx\/index.php?rest_route=%2Fwp%2Fv2%2Fmedia&parent=1820"}],"wp:term":[{"taxonomy":"category","embeddable":true,"href":"https:\/\/encuentroinformativo.com.mx\/index.php?rest_route=%2Fwp%2Fv2%2Fcategories&post=1820"},{"taxonomy":"post_tag","embeddable":true,"href":"https:\/\/encuentroinformativo.com.mx\/index.php?rest_route=%2Fwp%2Fv2%2Ftags&post=1820"}],"curies":[{"name":"wp","href":"https:\/\/api.w.org\/{rel}","templated":true}]}}