{"id":18200,"date":"2021-09-08T15:59:02","date_gmt":"2021-09-08T20:59:02","guid":{"rendered":"https:\/\/encuentroinformativo.com.mx\/?p=18200"},"modified":"2021-09-08T15:59:06","modified_gmt":"2021-09-08T20:59:06","slug":"veracruz-con-pobreza-invisible-ivea","status":"publish","type":"post","link":"https:\/\/encuentroinformativo.com.mx\/?p=18200","title":{"rendered":"Veracruz con \u201cpobreza invisible\u201d: IVEA"},"content":{"rendered":"\n<p><strong>Dar\u00edo Pale<\/strong> <\/p>\n\n\n\n<p>Xalapa, Ver.- H\u00e9ctor Amezcua Cardiel Director General del Instituto Veracruzano de Educaci\u00f3n para Adultos (IVEA), dio a conocer que en Veracruz han descubierto una forma de &#8220;pobreza invisible&#8221; que est\u00e1 cerca de r\u00edos y lagunas donde debido a la falta de tecnolog\u00eda han abandonado sus estudios b\u00e1sicos.<\/p>\n\n\n\n<p>Entrevistado en los pasillos de conocido caf\u00e9 del centro de Xalapa, se\u00f1al\u00f3 que en el a\u00f1o 2015 el censo registraba que 562 mil personas analfabetas y en 2020 registro m\u00e1s de 519 mil por lo que en esos 5 a\u00f1os se avanz\u00f3 con cerca de 47 mil personas, pero es insuficiente para la cifra r\u00e9cord que hay en el pa\u00eds.<\/p>\n\n\n\n<p>Coment\u00f3 que est\u00e1n impulsando de nueva cuenta la campa\u00f1a que inici\u00f3 el gobernador del estado &#8220;aprendo a leer y escribir&#8221; que inaugur\u00f3 en agosto del 2019 y que impact\u00f3 muy fuerte ya que visitaron cerca de 50 municipios y estuvieron trabajando con cerca de 75 escuelas para recuperar la idea de alfabetizadores voluntarios no gratificados que quieran apoyar alfabetizando a otras personas o solo a sus pap\u00e1s.<\/p>\n\n\n\n<p>Lograron juntar a 1993 alfabetizadores en solo cuatro meses entre octubre y enero pero en marzo se cerraron en la escuela y empezaron a perder contacto con los estudiantes, pero una buena noticia es que el pr\u00f3ximo 27 de septiembre el IVEA abre sus puertas al igual que las escuela y volver\u00e1 a retomar la campa\u00f1a &#8220;Aprendo a leer y escribir&#8221;.<\/p>\n\n\n\n<p>Durante la pandemia continuaron laborando y concluyeron su primaria y secundaria cerca de 9 mil 300 personas, y solo estuvieron trabajando los 4 \u00faltimos d\u00edas de cada mes por lo que hasta ahorita tienen 7 jornadas pero con las medidas de sanidad requeridas.<\/p>\n\n\n\n<p>Dio a conocer que cuenta con cerca de 3 mil asesores y con los que hab\u00edan logrado conseguir ya ten\u00edan cerca de cinco mil, ya que la idea era que quer\u00edan lograr 10 mil asesores en todo el estado, lo cual esperan recuperar con el reinicio de clases.<\/p>\n\n\n\n<p>Coment\u00f3 que es posible que se incrementen las cifras no de analfabetismo si no en el rezag\u00f3 educativo ya que no concluyeron la primaria o secundaria ya que hay j\u00f3venes que no pudieron tener acceso a la tecnolog\u00eda y sus familias resultaron afectadas debido a que sus padres perdieron el empleo, fallecieron, es a ellos a quienes les ofrecen gratuitamente que terminen sus estudios de primaria o secundaria y est\u00e1n incluyendo a personas con discapacidad.<\/p>\n\n\n\n<p>Finalmente dijo que los que m\u00e1s abandonaron los estudios fue en las zonas serranas e ind\u00edgenas, adem\u00e1s han descubiertos una nueva forma de &#8220;pobreza invisible&#8221; la cual se encuentra cerca de r\u00edos y lagunas donde entraron en lanchas donde encontraron casas donde que quieren sumarse a las clase de estudios, estos se encuentran en Catemaco y la laguna de lagartos.\u00a0<\/p>\n","protected":false},"excerpt":{"rendered":"<p>Dar\u00edo Pale Xalapa, Ver.- H\u00e9ctor Amezcua Cardiel Director General del Instituto Veracruzano de Educaci\u00f3n para Adultos (IVEA), dio a conocer que en Veracruz han descubierto una forma de &#8220;pobreza invisible&#8221; que est\u00e1 cerca de r\u00edos y lagunas donde debido a la falta de tecnolog\u00eda han abandonado sus estudios b\u00e1sicos. Entrevistado en los pasillos de conocido [&hellip;]<\/p>\n","protected":false},"author":1,"featured_media":18201,"comment_status":"open","ping_status":"open","sticky":false,"template":"","format":"standard","meta":{"_jetpack_memberships_contains_paid_content":false,"footnotes":""},"categories":[2],"tags":[],"class_list":["post-18200","post","type-post","status-publish","format-standard","has-post-thumbnail","hentry","category-estado"],"jetpack_featured_media_url":"https:\/\/encuentroinformativo.com.mx\/wp-content\/uploads\/2021\/09\/DACA3030-B6A1-4CD3-9B43-73A6D0A9ACD7.jpeg","jetpack_sharing_enabled":true,"jetpack_likes_enabled":true,"amp_enabled":true,"_links":{"self":[{"href":"https:\/\/encuentroinformativo.com.mx\/index.php?rest_route=\/wp\/v2\/posts\/18200","targetHints":{"allow":["GET"]}}],"collection":[{"href":"https:\/\/encuentroinformativo.com.mx\/index.php?rest_route=\/wp\/v2\/posts"}],"about":[{"href":"https:\/\/encuentroinformativo.com.mx\/index.php?rest_route=\/wp\/v2\/types\/post"}],"author":[{"embeddable":true,"href":"https:\/\/encuentroinformativo.com.mx\/index.php?rest_route=\/wp\/v2\/users\/1"}],"replies":[{"embeddable":true,"href":"https:\/\/encuentroinformativo.com.mx\/index.php?rest_route=%2Fwp%2Fv2%2Fcomments&post=18200"}],"version-history":[{"count":1,"href":"https:\/\/encuentroinformativo.com.mx\/index.php?rest_route=\/wp\/v2\/posts\/18200\/revisions"}],"predecessor-version":[{"id":18202,"href":"https:\/\/encuentroinformativo.com.mx\/index.php?rest_route=\/wp\/v2\/posts\/18200\/revisions\/18202"}],"wp:featuredmedia":[{"embeddable":true,"href":"https:\/\/encuentroinformativo.com.mx\/index.php?rest_route=\/wp\/v2\/media\/18201"}],"wp:attachment":[{"href":"https:\/\/encuentroinformativo.com.mx\/index.php?rest_route=%2Fwp%2Fv2%2Fmedia&parent=18200"}],"wp:term":[{"taxonomy":"category","embeddable":true,"href":"https:\/\/encuentroinformativo.com.mx\/index.php?rest_route=%2Fwp%2Fv2%2Fcategories&post=18200"},{"taxonomy":"post_tag","embeddable":true,"href":"https:\/\/encuentroinformativo.com.mx\/index.php?rest_route=%2Fwp%2Fv2%2Ftags&post=18200"}],"curies":[{"name":"wp","href":"https:\/\/api.w.org\/{rel}","templated":true}]}}