{"id":18209,"date":"2021-09-09T10:16:57","date_gmt":"2021-09-09T15:16:57","guid":{"rendered":"https:\/\/encuentroinformativo.com.mx\/?p=18209"},"modified":"2021-09-09T10:17:00","modified_gmt":"2021-09-09T15:17:00","slug":"julen-que-somos","status":"publish","type":"post","link":"https:\/\/encuentroinformativo.com.mx\/?p=18209","title":{"rendered":"Julen\u2026 qu\u00e9 somos"},"content":{"rendered":"\n<p><strong>Los Pol\u00edticos<\/strong><\/p>\n\n\n\n<p><strong>Salvador Mu\u00f1oz<\/strong><\/p>\n\n\n\n<p>Realmente no creo que seamos un pa\u00eds dividido, en blanco y negro, americanistas y chivistas, fif\u00eds y chairos, y s\u00f3lo por poner un ejemplo: la decisi\u00f3n de la Suprema Corte para despenalizar el aborto lo confirma\u2026 hay quienes lo aplauden, y hay quienes lo condenan, hay quienes les es indiferente\u2026&nbsp;<\/p>\n\n\n\n<p>Quiz\u00e1s la cantidad de matices que permean a lo largo y ancho al pa\u00eds, hacen que nuestra forma de pensar var\u00ede y genere estereotipos variopintos de un extremo a otro\u2026 por ejemplo, en lugar de Gallegos, para hacer chistes, tenemos yucatecos; si queremos denostar al homosexual, est\u00e1 Jalisco aunque la Operaci\u00f3n Jarocha tambi\u00e9n nos da un lugar en el colectivo gay; pero los regios ubican al sureste mexicano como de \u201chuevones\u201d y los del sureste a aqu\u00e9llos como \u201ccodos\u201d, \u201ctaca\u00f1os\u201d, \u201cmarros\u201d&#8230; los del altiplano no se salvan y los dividimos en dos: Chilangos y Capitalinos. Los primeros, son chaparros , regordetes, morenos, habliches, ladinos, albureros y gandallas; los segundos, igual, s\u00f3lo que con tacuche.<\/p>\n\n\n\n<p>Hay por ejemplo quienes odian a L\u00f3pez Obrador y hay quienes lo aman\u2026 hay quienes odian a Yunes Linares como tambi\u00e9n quienes lo aman\u2026 hay quienes odian al PRI, y quienes lo aman y extra\u00f1an\u2026 hay quienes odian a Cuitl\u00e1huac y tambi\u00e9n quienes odian a Hip\u00f3lito Rodr\u00edguez Herrero\u2026<\/p>\n\n\n\n<p>En esta \u00faltima semana, surgi\u00f3 un personaje que se gan\u00f3 los reflectores del respetable: Julen Rementer\u00eda.<\/p>\n\n\n\n<p>La reuni\u00f3n que sostuvieron senadores del PAN, encabezados por su coordinador de bancada con uno de los partidos m\u00e1s fuertes de Espa\u00f1a pero a la vez controversial como es VOX, pretendi\u00f3 exponer una cara m\u00e1s de nuestra sociedad catalogada como Conservadora\u2026<\/p>\n\n\n\n<p>A VOX la catalogan como incitadora al odio, racista y xenof\u00f3bica\u2026 s\u00ed, algo como el discurso del Peje que incita al odio y al clasismo invertido, donde los malos son las clases \u201celevadas\u201d&#8230; Vamos, hasta lo tacharon de Fascista, totalitario, antidemocr\u00e1tico y ultranacionalista\u2026 este, me refiero a VOX, no a Morena.<\/p>\n\n\n\n<p>Al final, a Julen lo \u201cbajaron\u201d de la contienda al 2024 porque consideran que por ser cuate de Santiago Abascal, ha de acoger las mismas t\u00e1cticas que usa VOX en Espa\u00f1a, cuando es m\u00e1s f\u00e1cil adaptarlas a las circunstancias de un mexicano que no encaja en el Pa\u00eds de L\u00f3pez Obrador que condena a la clase media y alta, al que pretende aspirar a una vida mejor, y si es posible, con cierto lujo, confort, donde se condena la riqueza pero se pondera la pobreza cual si se fuera franciscano, aunque sean m\u00e1s panchos los que se hagan, donde se habla de ayudar al migrante irregular pero en los hechos, se le patea, se le humilla, se le acorrala\u2026<\/p>\n\n\n\n<p>Julen puede ser todo pero a la vez nada\u2026 \u00bfdescartado para el 2024? A Morena le vale, al interior del PAN, muchos quisieran verlo y otros, ni en pintura&#8230;<\/p>\n\n\n\n<p>Insisto: somos un pa\u00eds variopinto, pero no dividido\u2026 somos un pa\u00eds que pretende odiar al blanco y en el fondo, quisiera ser blanco; somos el moreno que se burla del prieto; somos el que ofende con oficios o g\u00e9nero: \u201cTaxista ten\u00edas que ser\u201d, \u201cMujer ten\u00edas que ser\u201d, \u201cPareces alba\u00f1il\u201d, \u201cTan chismoso como periodista\u201d, \u201cTienes brazos de tamalera\u201d&#8230; somos \u201cGordof\u00f3bicos\u201d, aspiracionista a \u201cestar buena\u201d o \u201cestar mamey\u201d&#8230; somos el panista linchando al panista; somos el chairo defendiendo lo indefendible; despreciamos al \u201cser pueblo\u201d para ser Pueblo en la intimidad de la casa\u2026 rechazamos cualquier ideolog\u00eda pero podemos aceptarla por una beca, una pensi\u00f3n, una d\u00e1diva\u2026 \u00a1vamos! No somos conservadores, no somos progresistas, no somos de derecha, centro o izquierda\u2026 somos convenencieros, en una de \u00e9sas, rayando en hip\u00f3critas pero creo que la m\u00e1s f\u00e1cil es decir que somos de Doble moral\u2026&nbsp;<\/p>\n\n\n\n<p><a>smcainito@gmail.c<\/a>om<\/p>\n","protected":false},"excerpt":{"rendered":"<p>Los Pol\u00edticos Salvador Mu\u00f1oz Realmente no creo que seamos un pa\u00eds dividido, en blanco y negro, americanistas y chivistas, fif\u00eds y chairos, y s\u00f3lo por poner un ejemplo: la decisi\u00f3n de la Suprema Corte para despenalizar el aborto lo confirma\u2026 hay quienes lo aplauden, y hay quienes lo condenan, hay quienes les es indiferente\u2026&nbsp; Quiz\u00e1s [&hellip;]<\/p>\n","protected":false},"author":1,"featured_media":387,"comment_status":"open","ping_status":"open","sticky":false,"template":"","format":"standard","meta":{"_jetpack_memberships_contains_paid_content":false,"footnotes":""},"categories":[11],"tags":[],"class_list":["post-18209","post","type-post","status-publish","format-standard","has-post-thumbnail","hentry","category-opinion"],"jetpack_featured_media_url":"https:\/\/encuentroinformativo.com.mx\/wp-content\/uploads\/2020\/03\/7CF8A22B-2764-47BE-8F7F-38FE9E5D6A2F.jpeg","jetpack_sharing_enabled":true,"jetpack_likes_enabled":true,"amp_enabled":true,"_links":{"self":[{"href":"https:\/\/encuentroinformativo.com.mx\/index.php?rest_route=\/wp\/v2\/posts\/18209","targetHints":{"allow":["GET"]}}],"collection":[{"href":"https:\/\/encuentroinformativo.com.mx\/index.php?rest_route=\/wp\/v2\/posts"}],"about":[{"href":"https:\/\/encuentroinformativo.com.mx\/index.php?rest_route=\/wp\/v2\/types\/post"}],"author":[{"embeddable":true,"href":"https:\/\/encuentroinformativo.com.mx\/index.php?rest_route=\/wp\/v2\/users\/1"}],"replies":[{"embeddable":true,"href":"https:\/\/encuentroinformativo.com.mx\/index.php?rest_route=%2Fwp%2Fv2%2Fcomments&post=18209"}],"version-history":[{"count":1,"href":"https:\/\/encuentroinformativo.com.mx\/index.php?rest_route=\/wp\/v2\/posts\/18209\/revisions"}],"predecessor-version":[{"id":18210,"href":"https:\/\/encuentroinformativo.com.mx\/index.php?rest_route=\/wp\/v2\/posts\/18209\/revisions\/18210"}],"wp:featuredmedia":[{"embeddable":true,"href":"https:\/\/encuentroinformativo.com.mx\/index.php?rest_route=\/wp\/v2\/media\/387"}],"wp:attachment":[{"href":"https:\/\/encuentroinformativo.com.mx\/index.php?rest_route=%2Fwp%2Fv2%2Fmedia&parent=18209"}],"wp:term":[{"taxonomy":"category","embeddable":true,"href":"https:\/\/encuentroinformativo.com.mx\/index.php?rest_route=%2Fwp%2Fv2%2Fcategories&post=18209"},{"taxonomy":"post_tag","embeddable":true,"href":"https:\/\/encuentroinformativo.com.mx\/index.php?rest_route=%2Fwp%2Fv2%2Ftags&post=18209"}],"curies":[{"name":"wp","href":"https:\/\/api.w.org\/{rel}","templated":true}]}}