{"id":18229,"date":"2021-09-09T14:26:06","date_gmt":"2021-09-09T19:26:06","guid":{"rendered":"https:\/\/encuentroinformativo.com.mx\/?p=18229"},"modified":"2021-09-09T14:26:09","modified_gmt":"2021-09-09T19:26:09","slug":"diana-patricia-seria-liberada-gobernador","status":"publish","type":"post","link":"https:\/\/encuentroinformativo.com.mx\/?p=18229","title":{"rendered":"Diana Patricia ser\u00eda liberada: Gobernador"},"content":{"rendered":"\n<p><strong>Juan Arcos<\/strong> <\/p>\n\n\n\n<p>Xalapa, Ver.- El gobernador de Veracruz, Cuitl\u00e1huac Garc\u00eda Jim\u00e9nez, revel\u00f3 que ser\u00e1 liberada Diana Patricia, quien fue arrestada en el municipio de Oluta, al sur de la entidad, tras haber sufrido un aborto \u201cespont\u00e1neo\u201d.<\/p>\n\n\n\n<p>Esto ocurre despu\u00e9s de que la Suprema Corte de Justicia de la Naci\u00f3n (SCJN) declarara inconstitucional la criminalizaci\u00f3n contra las mujeres que aborten en el pa\u00eds.<\/p>\n\n\n\n<p>Se tratar\u00eda de la primera mujer que ser\u00eda liberada de la c\u00e1rcel en esta entidad tras dicho resolutivo por parte de la autoridad judicial.<\/p>\n\n\n\n<p>En conferencia de prensa, desde Palacio de Gobierno, el mandatario estatal record\u00f3 que en esta entidad ya se hab\u00eda despenalizado la interrupci\u00f3n del embarazo.<\/p>\n\n\n\n<p>\u201cSe est\u00e1 trabajando para protegerla, sin duda. Ya el reporte m\u00e9dico de diagn\u00f3stico y el nombre t\u00e9cnico de peritaje que hace la Fiscal\u00eda tiene que ser tratado guardando el respeto y el derecho de ella, lo que s\u00ed es que nosotros ar\u00e9nelo el compromiso de protegerla y vamos a actuar\u201d, expres\u00f3.<\/p>\n\n\n\n<p>Cabe recordar que Diana est\u00e1 presa desde el pasado 27 de mayo en el Centro de Reinserci\u00f3n Social (Cereso) de Acayucan, luego de un aborto espont\u00e1neo de un beb\u00e9 de cinco meses al interior de un centro comercial en Oluta.<\/p>\n\n\n\n<p>La Fiscal\u00eda General del Estado (FGE), a cargo de Ver\u00f3nica Hern\u00e1ndez Giad\u00e1ns, la hab\u00eda responsabilizado del delito de homicidio doloso contra el menor.<\/p>\n\n\n\n<p>En julio pasado, Veracruz se convirti\u00f3 en el cuarto estado de la Rep\u00fablica Mexicana en despenalizar el aborto, despu\u00e9s de Hidalgo, Oaxaca y la Ciudad de M\u00e9xico.<\/p>\n\n\n\n<p>La propuesta de la diputada local M\u00f3nica Robles Barajas, que legaliza la interrupci\u00f3n del embarazo hasta las 12 semanas de gestaci\u00f3n, fue aprobada por el Congreso de Veracruz con 25 votos a favor, 13 en contra y una abstenci\u00f3n.<\/p>\n","protected":false},"excerpt":{"rendered":"<p>Juan Arcos Xalapa, Ver.- El gobernador de Veracruz, Cuitl\u00e1huac Garc\u00eda Jim\u00e9nez, revel\u00f3 que ser\u00e1 liberada Diana Patricia, quien fue arrestada en el municipio de Oluta, al sur de la entidad, tras haber sufrido un aborto \u201cespont\u00e1neo\u201d. Esto ocurre despu\u00e9s de que la Suprema Corte de Justicia de la Naci\u00f3n (SCJN) declarara inconstitucional la criminalizaci\u00f3n contra [&hellip;]<\/p>\n","protected":false},"author":1,"featured_media":18230,"comment_status":"open","ping_status":"open","sticky":false,"template":"","format":"standard","meta":{"_jetpack_memberships_contains_paid_content":false,"footnotes":""},"categories":[2],"tags":[],"class_list":["post-18229","post","type-post","status-publish","format-standard","has-post-thumbnail","hentry","category-estado"],"jetpack_featured_media_url":"https:\/\/encuentroinformativo.com.mx\/wp-content\/uploads\/2021\/09\/3701452E-F0ED-4F86-A1B8-B8446A7FDA69.jpeg","jetpack_sharing_enabled":true,"jetpack_likes_enabled":true,"amp_enabled":true,"_links":{"self":[{"href":"https:\/\/encuentroinformativo.com.mx\/index.php?rest_route=\/wp\/v2\/posts\/18229","targetHints":{"allow":["GET"]}}],"collection":[{"href":"https:\/\/encuentroinformativo.com.mx\/index.php?rest_route=\/wp\/v2\/posts"}],"about":[{"href":"https:\/\/encuentroinformativo.com.mx\/index.php?rest_route=\/wp\/v2\/types\/post"}],"author":[{"embeddable":true,"href":"https:\/\/encuentroinformativo.com.mx\/index.php?rest_route=\/wp\/v2\/users\/1"}],"replies":[{"embeddable":true,"href":"https:\/\/encuentroinformativo.com.mx\/index.php?rest_route=%2Fwp%2Fv2%2Fcomments&post=18229"}],"version-history":[{"count":1,"href":"https:\/\/encuentroinformativo.com.mx\/index.php?rest_route=\/wp\/v2\/posts\/18229\/revisions"}],"predecessor-version":[{"id":18231,"href":"https:\/\/encuentroinformativo.com.mx\/index.php?rest_route=\/wp\/v2\/posts\/18229\/revisions\/18231"}],"wp:featuredmedia":[{"embeddable":true,"href":"https:\/\/encuentroinformativo.com.mx\/index.php?rest_route=\/wp\/v2\/media\/18230"}],"wp:attachment":[{"href":"https:\/\/encuentroinformativo.com.mx\/index.php?rest_route=%2Fwp%2Fv2%2Fmedia&parent=18229"}],"wp:term":[{"taxonomy":"category","embeddable":true,"href":"https:\/\/encuentroinformativo.com.mx\/index.php?rest_route=%2Fwp%2Fv2%2Fcategories&post=18229"},{"taxonomy":"post_tag","embeddable":true,"href":"https:\/\/encuentroinformativo.com.mx\/index.php?rest_route=%2Fwp%2Fv2%2Ftags&post=18229"}],"curies":[{"name":"wp","href":"https:\/\/api.w.org\/{rel}","templated":true}]}}