{"id":1823,"date":"2020-04-13T15:03:50","date_gmt":"2020-04-13T20:03:50","guid":{"rendered":"https:\/\/encuentroinformativo.com\/?p=1823"},"modified":"2020-04-13T15:03:52","modified_gmt":"2020-04-13T20:03:52","slug":"suspende-cruz-roja-servicios-de-emergencia-en-coatepec","status":"publish","type":"post","link":"https:\/\/encuentroinformativo.com.mx\/?p=1823","title":{"rendered":"Suspende Cruz Roja servicios de emergencia en Coatepec"},"content":{"rendered":"\n<p><strong>Juan Arcos <\/strong><\/p>\n\n\n\n<p>Coatepec, Ver.- La delegaci\u00f3n de la Cruz Roja en Coatepec suspendi\u00f3 el servicio de emergencias a partir de este lunes 13 de abril.<\/p>\n\n\n\n<p>El presidente del Consejo Directivo Local, Jes\u00fas Roberto Mac\u00edas Ba\u00f1uelos, notific\u00f3 dicha situaci\u00f3n al personal voluntario, mediante una circular enviada a un grupo de WhatsApp que se tiene de manera interna.<\/p>\n\n\n\n<p>\u201cLe comunico que a partir del pr\u00f3ximo lunes 13 de abril y hasta nuevo aviso, las actividades que se realizan en la coordinaci\u00f3n quedar\u00e1n suspendidas\u201d, se lee.<\/p>\n\n\n\n<p>Tambi\u00e9n expuso que la decisi\u00f3n fue tomada como consecuencia de la falta de recursos financieros y equipo de protecci\u00f3n adecuado para operar los servicios durante la contingencia sanitaria por el coronavirus.<\/p>\n\n\n\n<p>\u201cEn las pr\u00f3ximas semanas, los miembros del Consejo Directivo, estaremos realizando las gestiones necesarias para allegarnos los recursos necesarios y los equipos de protecci\u00f3n que nos permitan reanudar la operaci\u00f3n; con oportunidad se avisar\u00e1 cualquier cambio. Convoco a usted, as\u00ed como al personal a su cargo, para que reflexionemos, ante la gravedad de la situaci\u00f3n que nos impone la contingencia sanitaria, se trata de un hecho in\u00e9dito en la vida institucional de Cruz Roja Mexicana y en particular de nuestra Delegaci\u00f3n\u201d, a\u00f1adi\u00f3 Mac\u00edas Ba\u00f1uelos.<\/p>\n\n\n\n<p>Algunos voluntarios, quienes solicitaron el anonimato por temor a represalias, comentaron ya se hab\u00edan preparado para brindar la atenci\u00f3n de emergencias.<\/p>\n\n\n\n<p>\u201cSomos gente comprometida con la Instituci\u00f3n, con nuestra delegaci\u00f3n. Nosotros somos las personas que vamos al servicio en las ambulancias, no son ellos, el consejo solo quiere salir en la foto, quedar bien con sus amistades y decir que gracias a ellos la delegaci\u00f3n est\u00e1 de pie cuando no es as\u00ed\u201d, exclam\u00f3 uno de ellos.<\/p>\n\n\n\n<p>Otro voluntario coment\u00f3 que son precarias las condiciones en las que se encuentra la delegaci\u00f3n en Coatepec, pues el personal de guardia duerme en colchones da\u00f1ados, carecen de una cocina y sobre todo de los materiales necesarios para el trabajo diario.<\/p>\n\n\n\n<p>\u201cNo es posible, se excusan en decir que no hay dinero para mantener las actividades, que har\u00e1n las gestiones para retomar las actividades pero eso lo debieron hacer desde que comenzaron su funci\u00f3n como parte del consejo. Y lo peor, no nos dan la cara, solamente enviaron el archivo\u201d, expres\u00f3 en tono molesto.<\/p>\n\n\n\n<p><\/p>\n","protected":false},"excerpt":{"rendered":"<p>Juan Arcos Coatepec, Ver.- La delegaci\u00f3n de la Cruz Roja en Coatepec suspendi\u00f3 el servicio de emergencias a partir de este lunes 13 de abril. El presidente del Consejo Directivo Local, Jes\u00fas Roberto Mac\u00edas Ba\u00f1uelos, notific\u00f3 dicha situaci\u00f3n al personal voluntario, mediante una circular enviada a un grupo de WhatsApp que se tiene de manera [&hellip;]<\/p>\n","protected":false},"author":1,"featured_media":1824,"comment_status":"open","ping_status":"open","sticky":false,"template":"","format":"standard","meta":{"_jetpack_memberships_contains_paid_content":false,"footnotes":""},"categories":[8],"tags":[],"class_list":["post-1823","post","type-post","status-publish","format-standard","has-post-thumbnail","hentry","category-region"],"jetpack_featured_media_url":"https:\/\/encuentroinformativo.com.mx\/wp-content\/uploads\/2020\/04\/2CB77CE5-543F-478E-8D37-63AE33717374.jpeg","jetpack_sharing_enabled":true,"jetpack_likes_enabled":true,"amp_enabled":true,"_links":{"self":[{"href":"https:\/\/encuentroinformativo.com.mx\/index.php?rest_route=\/wp\/v2\/posts\/1823","targetHints":{"allow":["GET"]}}],"collection":[{"href":"https:\/\/encuentroinformativo.com.mx\/index.php?rest_route=\/wp\/v2\/posts"}],"about":[{"href":"https:\/\/encuentroinformativo.com.mx\/index.php?rest_route=\/wp\/v2\/types\/post"}],"author":[{"embeddable":true,"href":"https:\/\/encuentroinformativo.com.mx\/index.php?rest_route=\/wp\/v2\/users\/1"}],"replies":[{"embeddable":true,"href":"https:\/\/encuentroinformativo.com.mx\/index.php?rest_route=%2Fwp%2Fv2%2Fcomments&post=1823"}],"version-history":[{"count":1,"href":"https:\/\/encuentroinformativo.com.mx\/index.php?rest_route=\/wp\/v2\/posts\/1823\/revisions"}],"predecessor-version":[{"id":1825,"href":"https:\/\/encuentroinformativo.com.mx\/index.php?rest_route=\/wp\/v2\/posts\/1823\/revisions\/1825"}],"wp:featuredmedia":[{"embeddable":true,"href":"https:\/\/encuentroinformativo.com.mx\/index.php?rest_route=\/wp\/v2\/media\/1824"}],"wp:attachment":[{"href":"https:\/\/encuentroinformativo.com.mx\/index.php?rest_route=%2Fwp%2Fv2%2Fmedia&parent=1823"}],"wp:term":[{"taxonomy":"category","embeddable":true,"href":"https:\/\/encuentroinformativo.com.mx\/index.php?rest_route=%2Fwp%2Fv2%2Fcategories&post=1823"},{"taxonomy":"post_tag","embeddable":true,"href":"https:\/\/encuentroinformativo.com.mx\/index.php?rest_route=%2Fwp%2Fv2%2Ftags&post=1823"}],"curies":[{"name":"wp","href":"https:\/\/api.w.org\/{rel}","templated":true}]}}