{"id":18236,"date":"2021-09-09T15:10:28","date_gmt":"2021-09-09T20:10:28","guid":{"rendered":"https:\/\/encuentroinformativo.com.mx\/?p=18236"},"modified":"2021-09-09T15:10:32","modified_gmt":"2021-09-09T20:10:32","slug":"acusa-gobernador-intereses-politicos-por-bloqueos-en-el-castillo","status":"publish","type":"post","link":"https:\/\/encuentroinformativo.com.mx\/?p=18236","title":{"rendered":"Acusa gobernador \u201cintereses pol\u00edticos\u201d por bloqueos en El Castillo"},"content":{"rendered":"\n<p><strong>Guadalupe Contreras<\/strong><\/p>\n\n\n\n<p>Xalapa, Ver.- Tras el desalojo de manifestantes que bloquearon la carretera que comunica Xalapa &#8211; El Castillo para reclamar la reparaci\u00f3n de un puente vehicular, el gobernador Cuitl\u00e1huac Garc\u00eda acus\u00f3 que existen intereses pol\u00edticos por parte de los l\u00edderes de ese movimiento.<\/p>\n\n\n\n<p>Durante conferencia de prensa, el mandatario veracruzano fue cuestionado sobre el enfrentamiento entre pobladores y elementos de la Secretar\u00eda de Seguridad P\u00fablica, acci\u00f3n que justific\u00f3 debido a que los inconformes se hab\u00edan negado a mantener el di\u00e1logo con las autoridades municipales.<\/p>\n\n\n\n<p>Al tiempo que afirm\u00f3 el agente municipal de la localidad tiene inter\u00e9s pol\u00edtico debido a que de manera reciente aspir\u00f3 a un cargo de elecci\u00f3n popular bajo las siglas del partido Fuerza por M\u00e9xico.<\/p>\n\n\n\n<p>\u201cAlguien con un uso pol\u00edtico deliberado del tema, pol\u00edtico partidistas porque t\u00fa lo mencionas como agente pero ocultas que fue candidato a diputado local de un partido y adem\u00e1s que ha movido ah\u00ed a trav\u00e9s del uso pol\u00edtico de estas cosas para lanzarse como candidato\u2026 se present\u00f3 con gente en estado de ebriedad y lo extra\u00f1o, lo absurdo es que movi\u00f3 un grupo af\u00edn a \u00e9l no a la poblaci\u00f3n para bloquear\u201d.<\/p>\n\n\n\n<p>Bloquean la vialidad, dijo, porque est\u00e1 bloqueado por la falta del puente, fueron muchas horas. Como ya he insistido hay un protocolo en ese tipo de casos, estaban de manera irracional bloqueando y dijeron que no se iban a mover, a pesar de que desde el principio hubo atenci\u00f3n por gente del municipio.<\/p>\n\n\n\n<p>Garc\u00eda Jim\u00e9nez afirm\u00f3 que la obra ya se encuentra en etapa de licitaci\u00f3n por parte de la Secretar\u00eda de Infraestructura y Obras P\u00fablicas (SIOP).<\/p>\n\n\n\n<p>\u201cNo puede pagar el resto de la poblaci\u00f3n una actitud agresiva, irracional y absurda\u201d, justific\u00f3.<\/p>\n","protected":false},"excerpt":{"rendered":"<p>Guadalupe Contreras Xalapa, Ver.- Tras el desalojo de manifestantes que bloquearon la carretera que comunica Xalapa &#8211; El Castillo para reclamar la reparaci\u00f3n de un puente vehicular, el gobernador Cuitl\u00e1huac Garc\u00eda acus\u00f3 que existen intereses pol\u00edticos por parte de los l\u00edderes de ese movimiento. Durante conferencia de prensa, el mandatario veracruzano fue cuestionado sobre el [&hellip;]<\/p>\n","protected":false},"author":1,"featured_media":18233,"comment_status":"open","ping_status":"open","sticky":false,"template":"","format":"standard","meta":{"_jetpack_memberships_contains_paid_content":false,"footnotes":""},"categories":[8],"tags":[],"class_list":["post-18236","post","type-post","status-publish","format-standard","has-post-thumbnail","hentry","category-region"],"jetpack_featured_media_url":"https:\/\/encuentroinformativo.com.mx\/wp-content\/uploads\/2021\/09\/E2511B5D-08C5-4EB2-8280-D387A27D9B79.jpeg","jetpack_sharing_enabled":true,"jetpack_likes_enabled":true,"amp_enabled":true,"_links":{"self":[{"href":"https:\/\/encuentroinformativo.com.mx\/index.php?rest_route=\/wp\/v2\/posts\/18236","targetHints":{"allow":["GET"]}}],"collection":[{"href":"https:\/\/encuentroinformativo.com.mx\/index.php?rest_route=\/wp\/v2\/posts"}],"about":[{"href":"https:\/\/encuentroinformativo.com.mx\/index.php?rest_route=\/wp\/v2\/types\/post"}],"author":[{"embeddable":true,"href":"https:\/\/encuentroinformativo.com.mx\/index.php?rest_route=\/wp\/v2\/users\/1"}],"replies":[{"embeddable":true,"href":"https:\/\/encuentroinformativo.com.mx\/index.php?rest_route=%2Fwp%2Fv2%2Fcomments&post=18236"}],"version-history":[{"count":1,"href":"https:\/\/encuentroinformativo.com.mx\/index.php?rest_route=\/wp\/v2\/posts\/18236\/revisions"}],"predecessor-version":[{"id":18237,"href":"https:\/\/encuentroinformativo.com.mx\/index.php?rest_route=\/wp\/v2\/posts\/18236\/revisions\/18237"}],"wp:featuredmedia":[{"embeddable":true,"href":"https:\/\/encuentroinformativo.com.mx\/index.php?rest_route=\/wp\/v2\/media\/18233"}],"wp:attachment":[{"href":"https:\/\/encuentroinformativo.com.mx\/index.php?rest_route=%2Fwp%2Fv2%2Fmedia&parent=18236"}],"wp:term":[{"taxonomy":"category","embeddable":true,"href":"https:\/\/encuentroinformativo.com.mx\/index.php?rest_route=%2Fwp%2Fv2%2Fcategories&post=18236"},{"taxonomy":"post_tag","embeddable":true,"href":"https:\/\/encuentroinformativo.com.mx\/index.php?rest_route=%2Fwp%2Fv2%2Ftags&post=18236"}],"curies":[{"name":"wp","href":"https:\/\/api.w.org\/{rel}","templated":true}]}}