{"id":18238,"date":"2021-09-09T16:39:59","date_gmt":"2021-09-09T21:39:59","guid":{"rendered":"https:\/\/encuentroinformativo.com.mx\/?p=18238"},"modified":"2021-09-09T16:40:03","modified_gmt":"2021-09-09T21:40:03","slug":"realizan-guardias-escalonadas-en-zonas-arqueologicas-inah","status":"publish","type":"post","link":"https:\/\/encuentroinformativo.com.mx\/?p=18238","title":{"rendered":"Realizan guardias escalonadas en zonas arqueol\u00f3gicas: INAH"},"content":{"rendered":"\n<p><strong>Juan Arcos<\/strong><\/p>\n\n\n\n<p>Xalapa, Ver.- Las zonas arqueol\u00f3gicas del estado de Veracruz han permanecido cerradas al p\u00fablico durante 18 meses por la pandemia del SARS-COV-2 (COVID-19).<\/p>\n\n\n\n<p>De acuerdo con el investigador del Instituto Nacional de Antropolog\u00eda e Historia (INAH), Francisco Javier Andrade Dom\u00ednguez, el personal labora de manera escalonada en los distintos sitios hist\u00f3ricos y museos.<\/p>\n\n\n\n<p>\u201cSon guardias escalonadas, pero abiertas al p\u00fablico, por las mismas condiciones de salud, no se permite. Dependemos del Sector Salud\u201d, expres\u00f3.<\/p>\n\n\n\n<p>El entrevistado a\u00f1adi\u00f3 que las zonas arqueol\u00f3gicas ser\u00e1n abiertas cuando el sem\u00e1foro epidemiol\u00f3gico cambie a color verde y haya un riesgo bajo de contagio en la entidad.<\/p>\n\n\n\n<p>\u201cUna vez que est\u00e9 en verde (el sem\u00e1foro) y que se den las condiciones pues abrir inmediatamente, ya vimos que aunque uno est\u00e9 vacunado, se sigue contagiando, el impacto es menor pero sigue habiendo contagios\u201d.<\/p>\n\n\n\n<p>Record\u00f3 que los artesanos han solicitado la apertura de esos sitios ante la p\u00e9rdida econ\u00f3mica que han registrado por la contingencia sanitaria.<\/p>\n\n\n\n<p>\u201cEntendemos que ya es necesario que se abran, es que tambi\u00e9n las condiciones de salud no nos lo permiten porque tambi\u00e9n hay hospitales y centros de salud que est\u00e1n saturados\u201d.<\/p>\n\n\n\n<p>Cabe recordar que tambi\u00e9n gu\u00edas tur\u00edsticos han solicitado la apertura de los monumentos hist\u00f3ricos de Cempoala, municipio de \u00darsulo Galv\u00e1n; El Taj\u00edn, en Papantla; y San Juan de Ul\u00faa, en el puerto de Veracruz.<\/p>\n\n\n\n<p>\u201cNo podemos abrirlos porque podemos seguirnos contagiando y no tenemos una cobertura total de salud en todos los lugares, por eso seguimos todav\u00eda cerrados y no sabemos hasta cu\u00e1ndo\u201d, remat\u00f3 Andrade Dom\u00ednguez.<\/p>\n","protected":false},"excerpt":{"rendered":"<p>Juan Arcos Xalapa, Ver.- Las zonas arqueol\u00f3gicas del estado de Veracruz han permanecido cerradas al p\u00fablico durante 18 meses por la pandemia del SARS-COV-2 (COVID-19). De acuerdo con el investigador del Instituto Nacional de Antropolog\u00eda e Historia (INAH), Francisco Javier Andrade Dom\u00ednguez, el personal labora de manera escalonada en los distintos sitios hist\u00f3ricos y museos. [&hellip;]<\/p>\n","protected":false},"author":1,"featured_media":18239,"comment_status":"open","ping_status":"open","sticky":false,"template":"","format":"standard","meta":{"_jetpack_memberships_contains_paid_content":false,"footnotes":""},"categories":[2],"tags":[],"class_list":["post-18238","post","type-post","status-publish","format-standard","has-post-thumbnail","hentry","category-estado"],"jetpack_featured_media_url":"https:\/\/encuentroinformativo.com.mx\/wp-content\/uploads\/2021\/09\/15DC0625-A872-4FA7-B1DE-A14A4AAC3527.jpeg","jetpack_sharing_enabled":true,"jetpack_likes_enabled":true,"amp_enabled":true,"_links":{"self":[{"href":"https:\/\/encuentroinformativo.com.mx\/index.php?rest_route=\/wp\/v2\/posts\/18238","targetHints":{"allow":["GET"]}}],"collection":[{"href":"https:\/\/encuentroinformativo.com.mx\/index.php?rest_route=\/wp\/v2\/posts"}],"about":[{"href":"https:\/\/encuentroinformativo.com.mx\/index.php?rest_route=\/wp\/v2\/types\/post"}],"author":[{"embeddable":true,"href":"https:\/\/encuentroinformativo.com.mx\/index.php?rest_route=\/wp\/v2\/users\/1"}],"replies":[{"embeddable":true,"href":"https:\/\/encuentroinformativo.com.mx\/index.php?rest_route=%2Fwp%2Fv2%2Fcomments&post=18238"}],"version-history":[{"count":1,"href":"https:\/\/encuentroinformativo.com.mx\/index.php?rest_route=\/wp\/v2\/posts\/18238\/revisions"}],"predecessor-version":[{"id":18240,"href":"https:\/\/encuentroinformativo.com.mx\/index.php?rest_route=\/wp\/v2\/posts\/18238\/revisions\/18240"}],"wp:featuredmedia":[{"embeddable":true,"href":"https:\/\/encuentroinformativo.com.mx\/index.php?rest_route=\/wp\/v2\/media\/18239"}],"wp:attachment":[{"href":"https:\/\/encuentroinformativo.com.mx\/index.php?rest_route=%2Fwp%2Fv2%2Fmedia&parent=18238"}],"wp:term":[{"taxonomy":"category","embeddable":true,"href":"https:\/\/encuentroinformativo.com.mx\/index.php?rest_route=%2Fwp%2Fv2%2Fcategories&post=18238"},{"taxonomy":"post_tag","embeddable":true,"href":"https:\/\/encuentroinformativo.com.mx\/index.php?rest_route=%2Fwp%2Fv2%2Ftags&post=18238"}],"curies":[{"name":"wp","href":"https:\/\/api.w.org\/{rel}","templated":true}]}}