{"id":18241,"date":"2021-09-09T17:38:34","date_gmt":"2021-09-09T22:38:34","guid":{"rendered":"https:\/\/encuentroinformativo.com.mx\/?p=18241"},"modified":"2021-09-09T17:38:38","modified_gmt":"2021-09-09T22:38:38","slug":"se-reincorpora-al-cargo-diputado-amado-cruz","status":"publish","type":"post","link":"https:\/\/encuentroinformativo.com.mx\/?p=18241","title":{"rendered":"Se reincorpora al cargo diputado Amado Cruz"},"content":{"rendered":"\n<p><strong>*Tras concluir su licencia, regresa a las funciones legislativas, a partir del 16 de septiembre pr\u00f3ximo.<\/strong><\/p>\n\n\n\n<p>Xalapa, Ver.- La Diputaci\u00f3n Permanente de la LXV Legislatura del Estado se dio por enterada de la reincorporaci\u00f3n al cargo del diputado propietario, Amado Jes\u00fas Cruz Malpica, representante del Distrito XXIX, Coatzacoalcos I, a partir del pr\u00f3ximo 16 de septiembre del a\u00f1o en curso, una vez que concluy\u00f3 su licencia respectiva, por lo que deja las funciones el legislador suplente, Jes\u00fas Armando Mart\u00ednez Mendoza.<\/p>\n\n\n\n<p>En el desarrollo de la tercera sesi\u00f3n ordinaria, se dio entrada a la Junta de Coordinaci\u00f3n Pol\u00edtica (Jucopo) la solicitud, presentada por el Gobernador del Estado, relativa a que se proceda a emitir la declaratoria para el inicio de funciones del Centro de Conciliaci\u00f3n Laboral, respecto a sus atribuciones administrativas, a partir de este 10 de septiembre del a\u00f1o en curso.<\/p>\n\n\n\n<p>Asimismo, por cuanto hace a las atribuciones conciliatorias y jurisdiccionales del referido centro y de los Juzgados Laborales del Poder Judicial, ambos del Estado, en cada caso, inicien funciones a partir del 1\u00b0 de octubre de esta anualidad.<\/p>\n\n\n\n<p>Por otra parte, fue turnado a la Comisi\u00f3n de Vigilancia el informe de seguimiento, presentado por la Auditora General del \u00d3rgano de Fiscalizaci\u00f3n Superior del Estado, Delia Gonz\u00e1lez Cobos, correspondiente a la situaci\u00f3n que guardan las observaciones, recomendaciones y acciones promovidas de la Fiscalizaci\u00f3n Superior de las Cuentas P\u00fablicas 2017 y 2018.<\/p>\n\n\n\n<p>La misma Comisi\u00f3n analizar\u00e1 el documento que solventa las inconsistencias de la Gesti\u00f3n Financiera del segundo trimestre del ejercicio 2021, referente al organismo p\u00fablico descentralizado adscrito al Poder Judicial del Estado, denominado Centro Estatal de Justicia Alternativa de Veracruz.<\/p>\n\n\n\n<p>Adem\u00e1s, la Diputaci\u00f3n Permanente se dio por enterada de la reincorporaci\u00f3n al cargo de la presidenta municipal del ayuntamiento de Naranjal, Karla Nancy Abad Sosa.<\/p>\n\n\n\n<p>El ayuntamiento de Tres Valles solicit\u00f3 a este Congreso autorizaci\u00f3n para suscribir convenio amistoso para la precisi\u00f3n y reconocimiento de los l\u00edmites territoriales con el municipio de Cosamaloapan, para dar certeza legal de la congregaci\u00f3n del ejido Jorge L. Tamayo. Ser\u00e1 la Comisi\u00f3n de L\u00edmites Territoriales Intermunicipales la que analice este caso y lo dictamine conforme al procedimiento.<\/p>\n\n\n\n<p>En tanto, ser\u00e1 la Comisi\u00f3n Permanente de Hacienda Municipal la que analice el documento del ayuntamiento de Veracruz, mediante el cual revocan acuerdo de cabildo de fecha 16 de noviembre de 2018, relativo a la autorizaci\u00f3n a ese municipio para celebrar convenio con Nacional Financiera, S.N.C. como fiduciaria del Fideicomiso para el Ahorro de Energ\u00eda El\u00e9ctrica y con la participaci\u00f3n de la Secretar\u00eda de Energ\u00eda, para realizar el proyecto de eficiencia y sustentabilidad energ\u00e9tica.<\/p>\n","protected":false},"excerpt":{"rendered":"<p>*Tras concluir su licencia, regresa a las funciones legislativas, a partir del 16 de septiembre pr\u00f3ximo. Xalapa, Ver.- La Diputaci\u00f3n Permanente de la LXV Legislatura del Estado se dio por enterada de la reincorporaci\u00f3n al cargo del diputado propietario, Amado Jes\u00fas Cruz Malpica, representante del Distrito XXIX, Coatzacoalcos I, a partir del pr\u00f3ximo 16 de [&hellip;]<\/p>\n","protected":false},"author":1,"featured_media":18242,"comment_status":"open","ping_status":"open","sticky":false,"template":"","format":"standard","meta":{"_jetpack_memberships_contains_paid_content":false,"footnotes":""},"categories":[2],"tags":[],"class_list":["post-18241","post","type-post","status-publish","format-standard","has-post-thumbnail","hentry","category-estado"],"jetpack_featured_media_url":"https:\/\/encuentroinformativo.com.mx\/wp-content\/uploads\/2021\/09\/60D5DCD1-78B2-4346-B12F-74ED24CED4BA.jpeg","jetpack_sharing_enabled":true,"jetpack_likes_enabled":true,"amp_enabled":true,"_links":{"self":[{"href":"https:\/\/encuentroinformativo.com.mx\/index.php?rest_route=\/wp\/v2\/posts\/18241","targetHints":{"allow":["GET"]}}],"collection":[{"href":"https:\/\/encuentroinformativo.com.mx\/index.php?rest_route=\/wp\/v2\/posts"}],"about":[{"href":"https:\/\/encuentroinformativo.com.mx\/index.php?rest_route=\/wp\/v2\/types\/post"}],"author":[{"embeddable":true,"href":"https:\/\/encuentroinformativo.com.mx\/index.php?rest_route=\/wp\/v2\/users\/1"}],"replies":[{"embeddable":true,"href":"https:\/\/encuentroinformativo.com.mx\/index.php?rest_route=%2Fwp%2Fv2%2Fcomments&post=18241"}],"version-history":[{"count":1,"href":"https:\/\/encuentroinformativo.com.mx\/index.php?rest_route=\/wp\/v2\/posts\/18241\/revisions"}],"predecessor-version":[{"id":18243,"href":"https:\/\/encuentroinformativo.com.mx\/index.php?rest_route=\/wp\/v2\/posts\/18241\/revisions\/18243"}],"wp:featuredmedia":[{"embeddable":true,"href":"https:\/\/encuentroinformativo.com.mx\/index.php?rest_route=\/wp\/v2\/media\/18242"}],"wp:attachment":[{"href":"https:\/\/encuentroinformativo.com.mx\/index.php?rest_route=%2Fwp%2Fv2%2Fmedia&parent=18241"}],"wp:term":[{"taxonomy":"category","embeddable":true,"href":"https:\/\/encuentroinformativo.com.mx\/index.php?rest_route=%2Fwp%2Fv2%2Fcategories&post=18241"},{"taxonomy":"post_tag","embeddable":true,"href":"https:\/\/encuentroinformativo.com.mx\/index.php?rest_route=%2Fwp%2Fv2%2Ftags&post=18241"}],"curies":[{"name":"wp","href":"https:\/\/api.w.org\/{rel}","templated":true}]}}