{"id":18247,"date":"2021-09-10T09:20:46","date_gmt":"2021-09-10T14:20:46","guid":{"rendered":"https:\/\/encuentroinformativo.com.mx\/?p=18247"},"modified":"2021-09-10T09:20:50","modified_gmt":"2021-09-10T14:20:50","slug":"el-otro-proyecto-interoceanico-que-huele-a-un-gran-fraude","status":"publish","type":"post","link":"https:\/\/encuentroinformativo.com.mx\/?p=18247","title":{"rendered":"EL \u201cOTRO PROYECTO\u201d INTEROCE\u00c1NICO QUE HUELE A UN GRAN FRAUDE"},"content":{"rendered":"\n<p><strong>ColumnaSinNombre<br>@pablojair<\/strong><\/p>\n\n\n\n<ul class=\"wp-block-list\"><li>Franc\u00e9s para escuelas en Veracruz; vino embajador.<\/li><li>Dorheny no es ni mi prima; es coincidencia el apellido: Cuitl\u00e1huac.<\/li><li>Menores para vacunar: s\u00f3lo falta d\u00eda que ordene la Marina.<\/li><li>Adri\u00e1n \u00c1vila Estrada, coordinador de MC en el Congreso.<\/li><\/ul>\n\n\n\n<p>En el PAN de Coatepec ya cortaron a los primeros aliados de los Yunes<br>\u2014Chopenjawer<\/p>\n\n\n\n<p>Desde hace algunos meses se ha sabido que un grupo de supuestos empresarios y hasta sindicatos estar\u00edan realizando reuniones para promover un proyecto interoce\u00e1nico \u201calterno\u201d o que al menos no tiene nada qu\u00e9 ver con el que anuncia a cada rato en las \u201cma\u00f1aneras\u201d el presidente Andr\u00e9s Manuel L\u00f3pez Obrador como parte de sus magnas obras.<\/p>\n\n\n\n<p>El asunto es que por ah\u00ed anda present\u00e1ndose una empresa llamada <em>Bufete Peninsular S.A. de C.V.<\/em> dando supuestos cargos del Corredor Interoce\u00e1nico que ellos propiamente bautizaron como &#8220;Proyecto Milenio Interoce\u00e1nico General Porfirio D\u00edaz&#8221;, que ya de entrada por el nombre del viejo dictador, ya huele, hiede, apesta a fraude.<\/p>\n\n\n\n<p>Quien aparece como cabeza en diversos documentos firmado es un supuesto ingeniero de nombre Te\u00f3filo Tufik Dom\u00ednguez Marum, de quien no aparece registro en la base de c\u00e9dulas profesionales.<\/p>\n\n\n\n<p>A principios de agosto estuvieron presentes en Minatitl\u00e1n supuestos \u201cfuncionarios\u201d interesados en el proyecto del corredor (entre ellos estuvo una supuesta diputada de Chihuahua). La ciudad petrolera es sede precisamente de la empresa Bufete Peninsular, que en internet se muestra como una constructora dedicada a las v\u00edas de comunicaci\u00f3n terrestres, terracer\u00edas, y obra electromec\u00e1nica. La direcci\u00f3n que dan es Calle 10, manzana 33, Lote 6, de la colonia Petrolera.<\/p>\n\n\n\n<p>Por notas period\u00edsticas de medios regionales, se sabe que ha hecho la presentaci\u00f3n ante autoridades municipales como el presidente municipal de Uxpanapa (uno de los m\u00e1s rezagados del estado y con poblaci\u00f3n ind\u00edgena de chinantecos desplazados de Oaxaca).<\/p>\n\n\n\n<p>Una nota del Diario del Istmo del 15 de octubre de 2020, firmada por Ren\u00e9 Mart\u00ednez Torres, indica que dicha empresa &#8220;desarrolladora&#8221; del Proyecto Milenio Interoce\u00e1nico estuvo en dicho municipio y fue recibida por el alcalde Esteban Campechano Rinc\u00f3n, quien dio todo su respaldo al proyecto.<\/p>\n\n\n\n<p>Ah\u00ed estuvieron presentes Te\u00f3filo Tufik Dom\u00ednguez Marum, el exalcalde de Jes\u00fas Carranza Eduardo Cort\u00e9s Macon (detenido con coca\u00edna en 1992) y el Ingeniero Fernando G\u00f3mez Padilla, de Coatzacoalcos, identificado en su cuenta de LinkedIn como gerente de Responsabilidad Social en una empresa llamada Servicios S\u00edsmicos de Exploraci\u00f3n.<\/p>\n\n\n\n<p>Ah\u00ed presentaron ante ejidatarios, ganaderos y l\u00edderes ind\u00edgenas de videos y planos sobre avances del proyecto, la supuesta obra social, los parques industriales y el trazo Carretero del &#8220;Canal Interoce\u00e1nico\u201d. La presentaci\u00f3n, seg\u00fan la informaci\u00f3n, estuvo a cargo de Daniel Arias Rodr\u00edguez y H\u00e9ctor D\u00edaz Guzm\u00e1n, de la Fundaci\u00f3n &#8220;Como un Granito de Mostaza AC.&#8221;<\/p>\n\n\n\n<p>&#8220;En el mismo evento que tuvo lugar en el domo de la cabecera municipal, tambi\u00e9n estuvieron presente representes de la Asociaci\u00f3n Civil Mi Esperanza, A.C., del sindicato (Saticrm), Northern Hemisphere Logistics , S.A.P.I. de C.V, adem\u00e1s de alcaldes de la regi\u00f3n sur de Veracruz\u201d. Hasta aqu\u00ed la info del peri\u00f3dico.<\/p>\n\n\n\n<p><strong>LA \u201cMAGNA\u201d CONSTRUCTORA<\/strong><\/p>\n\n\n\n<p>Revisando el internet para conocer m\u00e1s de Bufete Empresarial, nos encontramos con un archivo de presentaci\u00f3n de 2017 que, suponemos, presentan ante inversionistas o autoridades municipales. (El link es https:\/\/prezi.com\/intcwwhmsuxv\/proyecto-interoceanico\/).<\/p>\n\n\n\n<p>De entrada, Bufete Peninsular maneja que Porfirio D\u00edaz fue &#8220;un gran impulsor&#8221; del proyecto para competir con el Canal de Panam\u00e1.<\/p>\n\n\n\n<p>De hecho, plantea que construir una carretera de doble v\u00eda y un ferrocarril &#8220;es una alternativa buena pero no efectiva&#8221; y dice en su presentaci\u00f3n que se debe hacer un &#8220;canal interoce\u00e1nico&#8221; para el tr\u00e1nsito de grandes buques&#8221;. En s\u00ed, su propuesta radica en que se tendr\u00e1 una v\u00eda mar\u00edtima en los puertos del Golfo y el Pac\u00edfico e incluso la vende como si ya tuviese la concesi\u00f3n de la misma.<\/p>\n\n\n\n<p>Tambi\u00e9n informa que el recurso financiero proviene del &#8220;banco&#8221; HBC de Beijing, China (del que no se encuentra registro, salvo un fondo con el mismo nombre, pero en Canad\u00e1), y que Bufete Peninsular cuenta con una inversi\u00f3n de 13 mil billones de d\u00f3lares. O sea, dicha empresa con sede en Minatitl\u00e1n, en la colonia Petrolera, tiene m\u00e1s lana que Jeff Bezos, due\u00f1o de Amazon y el hombre m\u00e1s rico del mundo.<\/p>\n\n\n\n<p>Entre sus ideas est\u00e1 la de construir un ferrocarril de tren r\u00e1pido de \u00faltima generaci\u00f3n y un astillero que abarcar\u00e1 desde Minatitl\u00e1n hasta Nanchital, prometiendo ser el m\u00e1s grande de Latinoam\u00e9rica, lo que sigue abonando al sospechosismo porque no se ha anunciado algo as\u00ed por parte del gobierno federal.<\/p>\n\n\n\n<p>Para cosas m\u00e1s curiosas: pretende construir un campo de golf en Capoac\u00e1n (zona rural de Minatitl\u00e1n, ciudad donde ya hay un campo de golf) y universidades tecnol\u00f3gicas del mar en Hidalgotitl\u00e1n (que no tiene mar, s\u00f3lo r\u00edo) y hasta en Mat\u00edas Romero, Oaxaca.<\/p>\n\n\n\n<p>Tambi\u00e9n tiene su \u201cmagno\u201d aeropuerto: paralelo al proyecto Santa Luc\u00eda, el archivo tambi\u00e9n habla de la construcci\u00f3n de un aeropuerto internacional de carga con 6 pistas de despegue y ponen como imagen una maqueta digital del cancelado aeropuerto de Texcoco.<\/p>\n\n\n\n<p><strong>VERACRUZ, LA TIERRA PROMETIDA\u2026 PURO PROMETER<\/strong><\/p>\n\n\n\n<p>Este caso, en una dimensi\u00f3n m\u00e1s peque\u00f1a, es similar a lo que pas\u00f3 con productores cafetaleros de Teocelo, a donde lleg\u00f3 en enero de 2018, una mujer llamada Harriet Turner, quien se presenta ante el mundo como embajadora de la UNESCO, organismo mundial que ya se ha deslindado varias veces de ella diciendo que no pertenece a dicha organizaci\u00f3n y por lo tanto no tiene ning\u00fan nombramiento o representaci\u00f3n por parte de ellos.<\/p>\n\n\n\n<p>No obstante, Harriet Turner \u2014con un acento fingido de inglesa\u2014 va de pueblo en pueblo enga\u00f1ando a autoridades municipales, productores agr\u00edcolas y hasta empresarios pidi\u00e9ndoles dinero para iniciar \u201cproyectos\u201d que vende como avalados por la UNESCO y hasta El Vaticano.<\/p>\n\n\n\n<p>S\u00ed, hay gente abusiva, gandalla, que se aprovecha de la buena fe de la gente y se ganan la chuleta de esa manera: estafando, enga\u00f1ando, haciendo creer que tienen en sus manos obras monumentales que s\u00f3lo son proyecciones de una gran imaginaci\u00f3n. Y as\u00ed hay mit\u00f3manos y artistas del enga\u00f1o que por ah\u00ed andan en el mundo vi\u00e9ndole la cara a la gente, sac\u00e1ndoles el dinero a los incautos.<\/p>\n\n\n\n<p><strong>EMBARRAN HASTA AL PRESIDENTE<\/strong><\/p>\n\n\n\n<p>Una nota del 25 de julio de 2018, del portal ANS Multimedios (con sede en Minatitl\u00e1n) tambi\u00e9n apunta que &#8220;este proyecto se lo presentaron al presidente electo de M\u00e9xico, Manuel Andr\u00e9s L\u00f3pez Obrador quien mostr\u00f3 inter\u00e9s y que sin duda reactivar\u00e1 la zona sur que hoy dicen est\u00e1 en extrema pobreza&#8221;\u2026 O sea, hasta al presidente andan metiendo en el ajo.<\/p>\n\n\n\n<p>Una editorial del portal Pol\u00edtica Al D\u00eda, del 1 de abril de 2019, detalla que &#8220;sin mostrar documentos que acrediten sus dichos de que la ONU financiar\u00e1 con 35 mil millones de pesos el Proyecto Milenio Interoce\u00e1nico \u2018General Porfirio D\u00edaz\u2019, el empresario Ram\u00f3n Antonio Azc\u00f3n, presidente del Bufete Peninsular, dijo que \u2018el proyecto es un hecho, una realidad\u2019 y que cuentan con el respaldo y reconocimiento de diferentes dependencias de los diferentes niveles de gobierno para echar a andar el proyecto privado\u201d que se suponte beneficiar\u00e1 a 72 municipios de la regi\u00f3n del Istmo de Tehuantepec.<\/p>\n\n\n\n<p>Otro actor pol\u00edtico que aparece en el asunto es una organizaci\u00f3n gremial llamada Sindicato Aut\u00e9ntico de Trabajadores de la Industria y de la Construcci\u00f3n de la Rep\u00fablica Mexicana &#8220;Gral. Porfirio D\u00edaz&#8221;, quien anda &#8220;reclutando&#8221; y haciendo reuniones. En sus fotograf\u00edas tambi\u00e9n im\u00e1genes de Bufete Empresarial, la empresa &#8220;millonaria&#8221; que dice ser la que lleva la batuta en el tema del corredor interoce\u00e1nico<\/p>\n\n\n\n<p>Mire, cualquiera puede so\u00f1ar e inventar. Yo podr\u00eda proponer como fan\u00e1tico del Jack Daniel\u2019s, del McCallan y del grunge, que mejor se hiciera un megapuente entre ambos oc\u00e9anos, a una altura considerable para que no afecten los pueblos debajo y que cada kil\u00f3metro haya un Oxxo con pomos gratuitos para todos. Que adem\u00e1s est\u00e9 climatizado, m\u00fasica de Pearl Jam y obras de arte como la carretera oculta de los magios (s\u00ed, tambi\u00e9n soy fan de Los Simpsons).<\/p>\n\n\n\n<p>Nadie puede parar por imaginaci\u00f3n e ideas, pero lo grave est\u00e1 en que esto se pretenda llevar a autoridades, a comunidades ind\u00edgenas (que es por donde pasar\u00e1 el verdadero proyecto interoce\u00e1nico oficial del gobierno federal) y enga\u00f1arlos. Lo peor ser\u00eda si llegaron a pedir dinero a alcaldes o l\u00edderes de pueblos ind\u00edgenas abusando de su buena voluntad.<\/p>\n\n\n\n<p>\u00bfQui\u00e9n realmente estar\u00e1 detr\u00e1s de este proyecto \u201cpatito\u201d? \u00bfYa los sabr\u00e1n en Palacio Nacional? \u00bfTendr\u00e1 conocimiento Palacio de Gobierno? \u00bfA qui\u00e9n le interesa hacer creer que van a tener control del Corredor Interoce\u00e1nico, vital en tema de seguridad nacional, y que van a poder meter gente? \u00bfSer\u00e1 que haya \u201cnorte\u00f1os\u201d metidos en el ajo como la supuesta diputada chihuahuense? Y si es as\u00ed, ojal\u00e1 sean de los buenos como Carlos Bremer, el empresario regio bonach\u00f3n que le cae bien a todos y ha de oler a jocqueis.<\/p>\n\n\n\n<p><strong>NOTA PARA PEGAR EN EL REFRI: <\/strong>El embajador de Francia en M\u00e9xico, Jean-Pierre Asvazadourian, estuvo en Xalapa, donde acord\u00f3 con autoridades estatales la ense\u00f1anza del idioma franc\u00e9s en escuelas preparatorias y tecnol\u00f3gicos del estado. Destac\u00f3 el gobernador Cuitl\u00e1huac Garc\u00eda Jim\u00e9nez que con el diplom\u00e1tico ya hab\u00eda tenido encuentros virtuales para firma de convenios importantes, pero este jueves ya tuvieron reuni\u00f3n presencial. El mismo embajador agradeci\u00f3 \u2014v\u00eda Twitter\u2014 al gobernador de Veracruz Cuitl\u00e1huac Garc\u00eda Jim\u00e9nez y sus secretarios \u201cpor un encuentro de trabajo muy productivo y cordial. Platicamos acerca de cooperaci\u00f3n econ\u00f3mica, educativa y cultural\u201d.<\/p>\n\n\n\n<p><strong>OTRA NOTA: <\/strong>Sobre la llegada de Dorheny Garc\u00eda Cayetano como nueva titular de la Secretar\u00eda de Trabajo, Previsi\u00f3n Social y Productividad, el gobernador Cuitl\u00e1huac Garc\u00eda Jim\u00e9nez desminti\u00f3 los rumores de que instalaba a una pariente en el gabinete: \u201cElla tom\u00f3 la decisi\u00f3n de llamarse Dorheny Cayetano (creo que ya se puede hacer ahora), pero tenemos el mismo apellido y nos conocemos desde hace mucho tiempo, pero ya hemos indagado de su parte y de mi parte y no tenemos ning\u00fan lazo familiar; al menos regresamos lo m\u00e1s que se pueda y no, no somos ni primos, ni primos segundos; la verdad es s\u00f3lo coincidencia del apellido\u201d.<\/p>\n\n\n\n<p><strong>OTRA NOTA EXTRA: <\/strong>La Secretar\u00eda de Salud de Veracruz valor\u00f3 este jueves a los primeros menores de edad para ser vacunados contra el Covid, resultando aptos para recibir las dosis de Pfizer, tentativamente, la pr\u00f3xima semana, dio a conocer el abogado que interpuso los amparos para vacunaci\u00f3n, Armando Pacheco del Valle. Luego de ser considerados aptos, s\u00f3lo se espera la orden de vacunaci\u00f3n de la Marina, quien lleva la log\u00edstica de las vacunas que se aplican en los municipios. Como se recordar\u00e1, la vacuna Pfizer es la \u00fanica autorizada por Comisi\u00f3n Federal para la Protecci\u00f3n contra Riesgos Sanitarios (Cofepris) para inyectarse en menores de edad.<\/p>\n\n\n\n<p><strong>LA \u00daLTIMA PORQUE ES VIERNES Y UNAS CHELAS NOS RECLAMAN: <\/strong>Adri\u00e1n \u00c1vila Estrada fue electo como coordinador de la bancada naranja en el Congreso Local, la primera en la historia de Movimiento Ciudadano. Sergio Gil Rull\u00e1n, dirigente de este instituto pol\u00edtico en el Estado de Veracruz, argument\u00f3 que despu\u00e9s de los resultados en la pasada elecci\u00f3n, Movimiento Ciudadano obtuvo 3 diputaciones plurinominales que estar\u00e1n representadas por Ruth Callejas, Maribel Ram\u00edrez Topete y Adri\u00e1n \u00c1vila.<\/p>\n","protected":false},"excerpt":{"rendered":"<p>ColumnaSinNombre@pablojair Franc\u00e9s para escuelas en Veracruz; vino embajador. Dorheny no es ni mi prima; es coincidencia el apellido: Cuitl\u00e1huac. Menores para vacunar: s\u00f3lo falta d\u00eda que ordene la Marina. Adri\u00e1n \u00c1vila Estrada, coordinador de MC en el Congreso. En el PAN de Coatepec ya cortaron a los primeros aliados de los Yunes\u2014Chopenjawer Desde hace algunos [&hellip;]<\/p>\n","protected":false},"author":1,"featured_media":488,"comment_status":"open","ping_status":"open","sticky":false,"template":"","format":"standard","meta":{"_jetpack_memberships_contains_paid_content":false,"footnotes":""},"categories":[11],"tags":[],"class_list":["post-18247","post","type-post","status-publish","format-standard","has-post-thumbnail","hentry","category-opinion"],"jetpack_featured_media_url":"https:\/\/encuentroinformativo.com.mx\/wp-content\/uploads\/2020\/03\/F471F608-BA1A-416B-BA7B-BCFB24F4E6D0.jpeg","jetpack_sharing_enabled":true,"jetpack_likes_enabled":true,"amp_enabled":true,"_links":{"self":[{"href":"https:\/\/encuentroinformativo.com.mx\/index.php?rest_route=\/wp\/v2\/posts\/18247","targetHints":{"allow":["GET"]}}],"collection":[{"href":"https:\/\/encuentroinformativo.com.mx\/index.php?rest_route=\/wp\/v2\/posts"}],"about":[{"href":"https:\/\/encuentroinformativo.com.mx\/index.php?rest_route=\/wp\/v2\/types\/post"}],"author":[{"embeddable":true,"href":"https:\/\/encuentroinformativo.com.mx\/index.php?rest_route=\/wp\/v2\/users\/1"}],"replies":[{"embeddable":true,"href":"https:\/\/encuentroinformativo.com.mx\/index.php?rest_route=%2Fwp%2Fv2%2Fcomments&post=18247"}],"version-history":[{"count":1,"href":"https:\/\/encuentroinformativo.com.mx\/index.php?rest_route=\/wp\/v2\/posts\/18247\/revisions"}],"predecessor-version":[{"id":18248,"href":"https:\/\/encuentroinformativo.com.mx\/index.php?rest_route=\/wp\/v2\/posts\/18247\/revisions\/18248"}],"wp:featuredmedia":[{"embeddable":true,"href":"https:\/\/encuentroinformativo.com.mx\/index.php?rest_route=\/wp\/v2\/media\/488"}],"wp:attachment":[{"href":"https:\/\/encuentroinformativo.com.mx\/index.php?rest_route=%2Fwp%2Fv2%2Fmedia&parent=18247"}],"wp:term":[{"taxonomy":"category","embeddable":true,"href":"https:\/\/encuentroinformativo.com.mx\/index.php?rest_route=%2Fwp%2Fv2%2Fcategories&post=18247"},{"taxonomy":"post_tag","embeddable":true,"href":"https:\/\/encuentroinformativo.com.mx\/index.php?rest_route=%2Fwp%2Fv2%2Ftags&post=18247"}],"curies":[{"name":"wp","href":"https:\/\/api.w.org\/{rel}","templated":true}]}}