{"id":18249,"date":"2021-09-10T10:03:31","date_gmt":"2021-09-10T15:03:31","guid":{"rendered":"https:\/\/encuentroinformativo.com.mx\/?p=18249"},"modified":"2021-09-10T10:03:33","modified_gmt":"2021-09-10T15:03:33","slug":"adrian-avila-sera-coordinador-de-la-bancada-de-mc","status":"publish","type":"post","link":"https:\/\/encuentroinformativo.com.mx\/?p=18249","title":{"rendered":"Adri\u00e1n \u00c1vila ser\u00e1 coordinador de la bancada de MC"},"content":{"rendered":"\n<p>Xalapa, Ver.- Adri\u00e1n \u00c1vila Estrada fue electo por unanimidad como el Coordinador de la bancada naranja en el Congreso Local, la primera en la historia de Movimiento Ciudadano, luego de que sesionara esta tarde la Coordinadora Ciudadana Nacional en la Ciudad de M\u00e9xico.<\/p>\n\n\n\n<p>Sergio Gil Rull\u00e1n, dirigente de este instituto pol\u00edtico en el Estado de Veracruz, argument\u00f3 que despu\u00e9s de los resultados en la pasada elecci\u00f3n, Movimiento Ciudadano obtuvo 3 diputaciones plurinominales que estar\u00e1n representadas por Ruth Callejas, Maribel Ram\u00edrez Topete y Adri\u00e1n \u00c1vila.<\/p>\n\n\n\n<p>Gil Rull\u00e1n destac\u00f3 el trabajo pol\u00edtico que Adri\u00e1n \u00c1vila ha desempe\u00f1ado a favor de los veracruzanos, y en donde afirm\u00f3 que desde hace 15 a\u00f1os forma parte de este partido naranja; record\u00f3 su participaci\u00f3n como candidato a diputado federal en 2006, candidato a alcalde en 2007 y dirigente estatal en el periodo 2009-2011.<\/p>\n\n\n\n<p>Resalt\u00f3 su desempe\u00f1o como director de Obras P\u00fablicas en el puerto de Veracruz 1995-1997, Director de Desarrollo Urbano y Obras P\u00fablicas de Boca del R\u00edo 1998-2000 y como Presidente Municipal de Boca del R\u00edo en el periodo 2001-2004.<\/p>\n\n\n\n<p>Dijo que a lo largo de su trayectoria pol\u00edtica ha recorrido cada rinc\u00f3n del Estado de Veracruz y conoce la problem\u00e1tica social y econ\u00f3mica que se vive en los 212 municipios, por lo que afirma, \u201ctendr\u00e1 la experiencia y visi\u00f3n de legislar en beneficio de cada uno de ellos\u201d.<\/p>\n\n\n\n<p>Adri\u00e1n \u00c1vila se\u00f1al\u00f3 estar listo para ser voz de las y los veracruzanos en el Congreso Local, por lo que de la mano de sus compa\u00f1eras diputadas pondr\u00e1n en tribuna temas que son importantes de legislar para sacar a Veracruz del estancamiento que hoy se padece.<\/p>\n\n\n\n<p>Sergio Gil Rull\u00e1n precis\u00f3 que la Bancada Naranja en Veracruz tendr\u00e1 a los y las mejores legisladores, \u201ccon Ruth Callejas, Maribel Ram\u00edrez Topete y Adri\u00e1n \u00c1vila tendremos la mejor bancada; la m\u00e1s productiva, participativa y congruente\u201d, concluy\u00f3.<\/p>\n","protected":false},"excerpt":{"rendered":"<p>Xalapa, Ver.- Adri\u00e1n \u00c1vila Estrada fue electo por unanimidad como el Coordinador de la bancada naranja en el Congreso Local, la primera en la historia de Movimiento Ciudadano, luego de que sesionara esta tarde la Coordinadora Ciudadana Nacional en la Ciudad de M\u00e9xico. Sergio Gil Rull\u00e1n, dirigente de este instituto pol\u00edtico en el Estado de [&hellip;]<\/p>\n","protected":false},"author":1,"featured_media":18250,"comment_status":"open","ping_status":"open","sticky":false,"template":"","format":"standard","meta":{"_jetpack_memberships_contains_paid_content":false,"footnotes":""},"categories":[2],"tags":[],"class_list":["post-18249","post","type-post","status-publish","format-standard","has-post-thumbnail","hentry","category-estado"],"jetpack_featured_media_url":"https:\/\/encuentroinformativo.com.mx\/wp-content\/uploads\/2021\/09\/3DD4F5DD-EF9B-444E-8541-D92608409099.jpeg","jetpack_sharing_enabled":true,"jetpack_likes_enabled":true,"amp_enabled":true,"_links":{"self":[{"href":"https:\/\/encuentroinformativo.com.mx\/index.php?rest_route=\/wp\/v2\/posts\/18249","targetHints":{"allow":["GET"]}}],"collection":[{"href":"https:\/\/encuentroinformativo.com.mx\/index.php?rest_route=\/wp\/v2\/posts"}],"about":[{"href":"https:\/\/encuentroinformativo.com.mx\/index.php?rest_route=\/wp\/v2\/types\/post"}],"author":[{"embeddable":true,"href":"https:\/\/encuentroinformativo.com.mx\/index.php?rest_route=\/wp\/v2\/users\/1"}],"replies":[{"embeddable":true,"href":"https:\/\/encuentroinformativo.com.mx\/index.php?rest_route=%2Fwp%2Fv2%2Fcomments&post=18249"}],"version-history":[{"count":1,"href":"https:\/\/encuentroinformativo.com.mx\/index.php?rest_route=\/wp\/v2\/posts\/18249\/revisions"}],"predecessor-version":[{"id":18251,"href":"https:\/\/encuentroinformativo.com.mx\/index.php?rest_route=\/wp\/v2\/posts\/18249\/revisions\/18251"}],"wp:featuredmedia":[{"embeddable":true,"href":"https:\/\/encuentroinformativo.com.mx\/index.php?rest_route=\/wp\/v2\/media\/18250"}],"wp:attachment":[{"href":"https:\/\/encuentroinformativo.com.mx\/index.php?rest_route=%2Fwp%2Fv2%2Fmedia&parent=18249"}],"wp:term":[{"taxonomy":"category","embeddable":true,"href":"https:\/\/encuentroinformativo.com.mx\/index.php?rest_route=%2Fwp%2Fv2%2Fcategories&post=18249"},{"taxonomy":"post_tag","embeddable":true,"href":"https:\/\/encuentroinformativo.com.mx\/index.php?rest_route=%2Fwp%2Fv2%2Ftags&post=18249"}],"curies":[{"name":"wp","href":"https:\/\/api.w.org\/{rel}","templated":true}]}}