{"id":18256,"date":"2021-09-10T10:56:24","date_gmt":"2021-09-10T15:56:24","guid":{"rendered":"https:\/\/encuentroinformativo.com.mx\/?p=18256"},"modified":"2021-09-10T10:56:29","modified_gmt":"2021-09-10T15:56:29","slug":"el-gran-complo","status":"publish","type":"post","link":"https:\/\/encuentroinformativo.com.mx\/?p=18256","title":{"rendered":"El gran compl\u00f3"},"content":{"rendered":"\n<p><strong>Revelaciones<\/strong> <\/p>\n\n\n\n<p><strong>Margarito Escudero Luis <\/strong><\/p>\n\n\n\n<p>Hace algunos a\u00f1os, Andres Manuel Lop\u00e9z Obrador denunci\u00f3 p\u00fablicamente que exist\u00eda un compl\u00f3 en su contra y nadie le crey\u00f3.<\/p>\n\n\n\n<p>Hasta se burlaron de \u00e9l por no pronunciar la t al final de la palabra y los medios se le fueron encima, hasta que finalmente se le dio la raz\u00f3n, no solo por lo afrancesado de sus cr\u00edticos que prefieren decir \u201ccomplot\u201d, como la mayor\u00eda de los mexicanos, y no \u201ccompl\u00f3, como es correcto en castellano.<\/p>\n\n\n\n<p>Lo importante es que L\u00f3pez Obrador vio toda una conspiraci\u00f3n en su contra, y sus adversarios, desde los medios de comunicaci\u00f3n, intentaron minimizarlo.<\/p>\n\n\n\n<p>El tiempo le dio la raz\u00f3n, los nombres de los personajes involucrados se hicieron p\u00fablicos y a\u00fan patalean y siguen con poder econ\u00f3mico para continuar con sus complicidades.<\/p>\n\n\n\n<p>Y traigo lo anterior al presente, para se\u00f1alar otro compl\u00f3 que se gesta en la panza misma de la 4T ante la incredulidad y complacencia de quienes deber\u00edan se\u00f1alarlo y combatirlo.<\/p>\n\n\n\n<p>La llegada de \u201cemisarios del pasado\u201d a puestos clave en los congresos recientemente elegidos son la punta de un iceberg conspirativo que est\u00e1 en las narices de todos y nadie dice nada.<br>Puede hablarse de una gigantesca traici\u00f3n al presidente o puede tomarse como una aceptaci\u00f3n de \u00e9l mismo.<\/p>\n\n\n\n<p>Hay muchos frentes abiertos, una guerra medi\u00e1tica, posibles sabotajes a Pemex y a la CFE y muchos huecos por donde se cuelan priistas representantes de la MAFIA DEL PODER que AMLO combati\u00f3 desde su campa\u00f1a.<\/p>\n\n\n\n<p>Y ese compl\u00f3 no se da solo en la esfera presidencial, est\u00e1 en todos lados, panistas, priistas, destacados corruptos que ahora resultan los defensores de la 4T, como si nadie se acordara de lo hip\u00f3critas y c\u00ednicos que son.<br>Ayuntamientos y Congresos se llenaron de estos espec\u00edmenes que en alg\u00fan momento sacaran el cobre.<\/p>\n","protected":false},"excerpt":{"rendered":"<p>Revelaciones Margarito Escudero Luis Hace algunos a\u00f1os, Andres Manuel Lop\u00e9z Obrador denunci\u00f3 p\u00fablicamente que exist\u00eda un compl\u00f3 en su contra y nadie le crey\u00f3. Hasta se burlaron de \u00e9l por no pronunciar la t al final de la palabra y los medios se le fueron encima, hasta que finalmente se le dio la raz\u00f3n, no [&hellip;]<\/p>\n","protected":false},"author":1,"featured_media":387,"comment_status":"open","ping_status":"open","sticky":false,"template":"","format":"standard","meta":{"_jetpack_memberships_contains_paid_content":false,"footnotes":""},"categories":[11],"tags":[],"class_list":["post-18256","post","type-post","status-publish","format-standard","has-post-thumbnail","hentry","category-opinion"],"jetpack_featured_media_url":"https:\/\/encuentroinformativo.com.mx\/wp-content\/uploads\/2020\/03\/7CF8A22B-2764-47BE-8F7F-38FE9E5D6A2F.jpeg","jetpack_sharing_enabled":true,"jetpack_likes_enabled":true,"amp_enabled":true,"_links":{"self":[{"href":"https:\/\/encuentroinformativo.com.mx\/index.php?rest_route=\/wp\/v2\/posts\/18256","targetHints":{"allow":["GET"]}}],"collection":[{"href":"https:\/\/encuentroinformativo.com.mx\/index.php?rest_route=\/wp\/v2\/posts"}],"about":[{"href":"https:\/\/encuentroinformativo.com.mx\/index.php?rest_route=\/wp\/v2\/types\/post"}],"author":[{"embeddable":true,"href":"https:\/\/encuentroinformativo.com.mx\/index.php?rest_route=\/wp\/v2\/users\/1"}],"replies":[{"embeddable":true,"href":"https:\/\/encuentroinformativo.com.mx\/index.php?rest_route=%2Fwp%2Fv2%2Fcomments&post=18256"}],"version-history":[{"count":1,"href":"https:\/\/encuentroinformativo.com.mx\/index.php?rest_route=\/wp\/v2\/posts\/18256\/revisions"}],"predecessor-version":[{"id":18257,"href":"https:\/\/encuentroinformativo.com.mx\/index.php?rest_route=\/wp\/v2\/posts\/18256\/revisions\/18257"}],"wp:featuredmedia":[{"embeddable":true,"href":"https:\/\/encuentroinformativo.com.mx\/index.php?rest_route=\/wp\/v2\/media\/387"}],"wp:attachment":[{"href":"https:\/\/encuentroinformativo.com.mx\/index.php?rest_route=%2Fwp%2Fv2%2Fmedia&parent=18256"}],"wp:term":[{"taxonomy":"category","embeddable":true,"href":"https:\/\/encuentroinformativo.com.mx\/index.php?rest_route=%2Fwp%2Fv2%2Fcategories&post=18256"},{"taxonomy":"post_tag","embeddable":true,"href":"https:\/\/encuentroinformativo.com.mx\/index.php?rest_route=%2Fwp%2Fv2%2Ftags&post=18256"}],"curies":[{"name":"wp","href":"https:\/\/api.w.org\/{rel}","templated":true}]}}