{"id":18258,"date":"2021-09-10T11:11:13","date_gmt":"2021-09-10T16:11:13","guid":{"rendered":"https:\/\/encuentroinformativo.com.mx\/?p=18258"},"modified":"2021-09-10T11:11:17","modified_gmt":"2021-09-10T16:11:17","slug":"4-millones-de-veracruzanos-afectados-por-desaparicion-de-programas","status":"publish","type":"post","link":"https:\/\/encuentroinformativo.com.mx\/?p=18258","title":{"rendered":"4 millones de veracruzanos afectados por desaparici\u00f3n de programas"},"content":{"rendered":"\n<p><strong>Alejandro \u00c1vila<\/strong><\/p>\n\n\n\n<p>Veracruz, Ver.- Un total de 4.1 millones de veracruzanos quedaron sin recibir 10 mil millones de pesos, producto de la desaparici\u00f3n de programas sociales, siendo los m\u00e1s importantes, Prospera, Estancias Infantiles y Jefas de Familia.<\/p>\n\n\n\n<p>Por tal motivo, la coordinadora estatal del programa Recupera, Anil\u00fa Ingram Vallines, viaj\u00f3 a la ciudad de M\u00e9xico para reunirse con Ricardo Moreira, presidente de la Junta de Coordinaci\u00f3n Pol\u00edtica (JUCOPO), y el Grupo Legislativo del PRI en San L\u00e1zaro.<\/p>\n\n\n\n<p>En dicha reuni\u00f3n se expusieron las estrategias a tomar tras haber recibido el proyecto de presupuesto 2022 de la Federaci\u00f3n; donde se buscar\u00e1 etiquetar recurso para volver a activar los programas sociales que Morena desapareci\u00f3.&nbsp;<\/p>\n\n\n\n<p>Ingram Vallines, destac\u00f3 la necesidad de hacer m\u00e1s eficiente el gasto social para atender a los m\u00e1s vulnerables, en rubros como salud, educaci\u00f3n y combate a la pobreza.<\/p>\n\n\n\n<p>\u201cVamos a recuperar, juntos, los programas como Prospera y Estancias Infantiles. Porque Veracruz necesita de todos\u201d, abund\u00f3 tras solicitarles, entre otros puntos, etiquetar en el Anexo 13 Ramo 20, un programa para jefas de familia en condici\u00f3n de vulnerabilidad.&nbsp;<\/p>\n\n\n\n<p>La veracruzana sostuvo reuni\u00f3n con los nuevos legisladores federales, Jos\u00e9 Francisco Yunes Zorrilla, Lorena Pi\u00f1\u00f3n Rivera, Frinn\u00e9 Azuara Yarz\u00e1bal, Brasil Alberto Acosta Pe\u00f1a, Paloma S\u00e1nchez y Ricardo Aguilar, a quienes les puntualiz\u00f3 que es prioridad devolver los programas sociales que este gobierno les ha arrebatado a los sectores sociales m\u00e1s vulnerables.&nbsp;<\/p>\n\n\n\n<p>\u201cLas y los nuevos diputados federales son una pieza fundamental para recuperar a Veracruz, pues son ellos quienes pueden ayudarnos a presupuestar de nueva cuenta los recursos para esos programas prioritarios, que atend\u00edan a las familias, que impulsan la equidad de g\u00e9nero y la cooperaci\u00f3n comunitaria\u201d, finaliz\u00f3 Anil\u00fa Ingram.<\/p>\n","protected":false},"excerpt":{"rendered":"<p>Alejandro \u00c1vila Veracruz, Ver.- Un total de 4.1 millones de veracruzanos quedaron sin recibir 10 mil millones de pesos, producto de la desaparici\u00f3n de programas sociales, siendo los m\u00e1s importantes, Prospera, Estancias Infantiles y Jefas de Familia. Por tal motivo, la coordinadora estatal del programa Recupera, Anil\u00fa Ingram Vallines, viaj\u00f3 a la ciudad de M\u00e9xico [&hellip;]<\/p>\n","protected":false},"author":1,"featured_media":18260,"comment_status":"open","ping_status":"open","sticky":false,"template":"","format":"standard","meta":{"_jetpack_memberships_contains_paid_content":false,"footnotes":""},"categories":[2],"tags":[],"class_list":["post-18258","post","type-post","status-publish","format-standard","has-post-thumbnail","hentry","category-estado"],"jetpack_featured_media_url":"https:\/\/encuentroinformativo.com.mx\/wp-content\/uploads\/2021\/09\/51238A2D-B538-40E9-B957-4ED4D6B61345.jpeg","jetpack_sharing_enabled":true,"jetpack_likes_enabled":true,"amp_enabled":true,"_links":{"self":[{"href":"https:\/\/encuentroinformativo.com.mx\/index.php?rest_route=\/wp\/v2\/posts\/18258","targetHints":{"allow":["GET"]}}],"collection":[{"href":"https:\/\/encuentroinformativo.com.mx\/index.php?rest_route=\/wp\/v2\/posts"}],"about":[{"href":"https:\/\/encuentroinformativo.com.mx\/index.php?rest_route=\/wp\/v2\/types\/post"}],"author":[{"embeddable":true,"href":"https:\/\/encuentroinformativo.com.mx\/index.php?rest_route=\/wp\/v2\/users\/1"}],"replies":[{"embeddable":true,"href":"https:\/\/encuentroinformativo.com.mx\/index.php?rest_route=%2Fwp%2Fv2%2Fcomments&post=18258"}],"version-history":[{"count":1,"href":"https:\/\/encuentroinformativo.com.mx\/index.php?rest_route=\/wp\/v2\/posts\/18258\/revisions"}],"predecessor-version":[{"id":18261,"href":"https:\/\/encuentroinformativo.com.mx\/index.php?rest_route=\/wp\/v2\/posts\/18258\/revisions\/18261"}],"wp:featuredmedia":[{"embeddable":true,"href":"https:\/\/encuentroinformativo.com.mx\/index.php?rest_route=\/wp\/v2\/media\/18260"}],"wp:attachment":[{"href":"https:\/\/encuentroinformativo.com.mx\/index.php?rest_route=%2Fwp%2Fv2%2Fmedia&parent=18258"}],"wp:term":[{"taxonomy":"category","embeddable":true,"href":"https:\/\/encuentroinformativo.com.mx\/index.php?rest_route=%2Fwp%2Fv2%2Fcategories&post=18258"},{"taxonomy":"post_tag","embeddable":true,"href":"https:\/\/encuentroinformativo.com.mx\/index.php?rest_route=%2Fwp%2Fv2%2Ftags&post=18258"}],"curies":[{"name":"wp","href":"https:\/\/api.w.org\/{rel}","templated":true}]}}