{"id":18262,"date":"2021-09-10T12:36:48","date_gmt":"2021-09-10T17:36:48","guid":{"rendered":"https:\/\/encuentroinformativo.com.mx\/?p=18262"},"modified":"2021-09-10T12:36:52","modified_gmt":"2021-09-10T17:36:52","slug":"reconocen-trabajo-de-ayuntamiento-de-veracruz","status":"publish","type":"post","link":"https:\/\/encuentroinformativo.com.mx\/?p=18262","title":{"rendered":"Reconocen trabajo de Ayuntamiento de Veracruz"},"content":{"rendered":"\n<p><strong>Alejandro \u00c1vila<\/strong><\/p>\n\n\n\n<p>Veracruz, Ver.- El Ayuntamiento de Veracruz fue galardonado por la revista alcaldes de M\u00e9xico en la categor\u00eda Planeaci\u00f3n, toda vez que se destac\u00f3 por su orden administrativo en este 2021.<\/p>\n\n\n\n<p>El alcalde Fernando Yunes M\u00e1rquez, explic\u00f3 en entrevista que en abril pasado, la Secretar\u00eda de Hacienda y Cr\u00e9dito P\u00fablico (SHCP) a nivel federal, reconoci\u00f3 a la administraci\u00f3n que encabeza como el municipio n\u00famero 1 a nivel nacional, en el presupuesto en base a resultados.<\/p>\n\n\n\n<p>&#8220;Esto que es, es una medici\u00f3n que hace Hacienda, en torno a todos los recursos que se reciben por parte de los municipios y la manera en como son ejecutados, esto tiene que ver con principalmente transparencia, con cumplir con los objetivos para los cuales est\u00e1n presupuestados, y logramos pasar de la posici\u00f3n 31 a nivel nacional a n\u00famero 1 a nivel nacional, donde cumplimos con el uso de recursos de manera eficiente, pero sobre todo de manera honesta&#8221;, destac\u00f3 el panista.<\/p>\n\n\n\n<p>Yunes M\u00e1rquez agradeci\u00f3 el premio, aunque puntualiz\u00f3 que lo m\u00e1s importante fue demostrar que los recursos de los veracruzanos se est\u00e1n utilizando con transparencia, con honestidad y conforme marca la ley.<\/p>\n\n\n\n<p>La revista Alcaldes de M\u00e9xico llev\u00f3 a cabo este jueves la d\u00e9cimo primera edici\u00f3n de su premiaci\u00f3n Mejores Practicas de Gobiernos Locales, donde el alcalde de Veracruz, Fernando Yunes M\u00e1rquez, fue galardonado por su labor.<\/p>\n","protected":false},"excerpt":{"rendered":"<p>Alejandro \u00c1vila Veracruz, Ver.- El Ayuntamiento de Veracruz fue galardonado por la revista alcaldes de M\u00e9xico en la categor\u00eda Planeaci\u00f3n, toda vez que se destac\u00f3 por su orden administrativo en este 2021. El alcalde Fernando Yunes M\u00e1rquez, explic\u00f3 en entrevista que en abril pasado, la Secretar\u00eda de Hacienda y Cr\u00e9dito P\u00fablico (SHCP) a nivel federal, [&hellip;]<\/p>\n","protected":false},"author":1,"featured_media":18263,"comment_status":"open","ping_status":"open","sticky":false,"template":"","format":"standard","meta":{"_jetpack_memberships_contains_paid_content":false,"footnotes":""},"categories":[2],"tags":[],"class_list":["post-18262","post","type-post","status-publish","format-standard","has-post-thumbnail","hentry","category-estado"],"jetpack_featured_media_url":"https:\/\/encuentroinformativo.com.mx\/wp-content\/uploads\/2021\/09\/6C7E1A5B-E222-492C-A696-A32295FF230D.jpeg","jetpack_sharing_enabled":true,"jetpack_likes_enabled":true,"amp_enabled":true,"_links":{"self":[{"href":"https:\/\/encuentroinformativo.com.mx\/index.php?rest_route=\/wp\/v2\/posts\/18262","targetHints":{"allow":["GET"]}}],"collection":[{"href":"https:\/\/encuentroinformativo.com.mx\/index.php?rest_route=\/wp\/v2\/posts"}],"about":[{"href":"https:\/\/encuentroinformativo.com.mx\/index.php?rest_route=\/wp\/v2\/types\/post"}],"author":[{"embeddable":true,"href":"https:\/\/encuentroinformativo.com.mx\/index.php?rest_route=\/wp\/v2\/users\/1"}],"replies":[{"embeddable":true,"href":"https:\/\/encuentroinformativo.com.mx\/index.php?rest_route=%2Fwp%2Fv2%2Fcomments&post=18262"}],"version-history":[{"count":1,"href":"https:\/\/encuentroinformativo.com.mx\/index.php?rest_route=\/wp\/v2\/posts\/18262\/revisions"}],"predecessor-version":[{"id":18264,"href":"https:\/\/encuentroinformativo.com.mx\/index.php?rest_route=\/wp\/v2\/posts\/18262\/revisions\/18264"}],"wp:featuredmedia":[{"embeddable":true,"href":"https:\/\/encuentroinformativo.com.mx\/index.php?rest_route=\/wp\/v2\/media\/18263"}],"wp:attachment":[{"href":"https:\/\/encuentroinformativo.com.mx\/index.php?rest_route=%2Fwp%2Fv2%2Fmedia&parent=18262"}],"wp:term":[{"taxonomy":"category","embeddable":true,"href":"https:\/\/encuentroinformativo.com.mx\/index.php?rest_route=%2Fwp%2Fv2%2Fcategories&post=18262"},{"taxonomy":"post_tag","embeddable":true,"href":"https:\/\/encuentroinformativo.com.mx\/index.php?rest_route=%2Fwp%2Fv2%2Ftags&post=18262"}],"curies":[{"name":"wp","href":"https:\/\/api.w.org\/{rel}","templated":true}]}}