{"id":18265,"date":"2021-09-10T12:44:40","date_gmt":"2021-09-10T17:44:40","guid":{"rendered":"https:\/\/encuentroinformativo.com.mx\/?p=18265"},"modified":"2021-09-10T12:44:43","modified_gmt":"2021-09-10T17:44:43","slug":"diego-lopez-favorito-para-ganar-premio-estatal-y-nacional-del-deporte","status":"publish","type":"post","link":"https:\/\/encuentroinformativo.com.mx\/?p=18265","title":{"rendered":"Diego L\u00f3pez, favorito para ganar Premio Estatal y Nacional del Deporte"},"content":{"rendered":"\n<p><strong>Alejandro \u00c1vila<\/strong><\/p>\n\n\n\n<p>Veracruz, Ver.- &#8220;El misil xalape\u00f1o&#8221; Diego L\u00f3pez D\u00edaz fue reconocido en el Instituto Veracruzano del Deporte por el Encargado de Despacho, Jos\u00e9 Alberto Nava Gonz\u00e1lez.<\/p>\n\n\n\n<p>El nadador logr\u00f3 medalla de bronce, plata y oro en los pasados Juegos Paral\u00edmpicos de Tokio 2020 +1; siendo su segunda participaci\u00f3n en la m\u00e1xima justa deportiva, pero primeros donde obtiene alguna presea.<\/p>\n\n\n\n<p>Con estos resultados, el xalape\u00f1o es el gran favorito para lograr el Premio Estatal del Deporte y un fuerte contendiente para obtener el Premio Nacional del Deporte.<\/p>\n\n\n\n<p>Diego L\u00f3pez lleg\u00f3 a Veracruz hace un par de d\u00edas, descansar\u00e1 hasta fin de mes, y regresar\u00e1 a los entrenamientos para preparse para el mundial de nataci\u00f3n paral\u00edmpico en Portugal.<\/p>\n\n\n\n<figure class=\"wp-block-image size-large\"><img loading=\"lazy\" decoding=\"async\" width=\"750\" height=\"439\" src=\"https:\/\/encuentroinformativo.com.mx\/wp-content\/uploads\/2021\/09\/7495D641-D350-4620-BE5C-1CB5258E15C1.jpeg\" alt=\"\" class=\"wp-image-18267\" srcset=\"https:\/\/encuentroinformativo.com.mx\/wp-content\/uploads\/2021\/09\/7495D641-D350-4620-BE5C-1CB5258E15C1.jpeg 750w, https:\/\/encuentroinformativo.com.mx\/wp-content\/uploads\/2021\/09\/7495D641-D350-4620-BE5C-1CB5258E15C1-300x176.jpeg 300w\" sizes=\"auto, (max-width: 750px) 100vw, 750px\" \/><\/figure>\n","protected":false},"excerpt":{"rendered":"<p>Alejandro \u00c1vila Veracruz, Ver.- &#8220;El misil xalape\u00f1o&#8221; Diego L\u00f3pez D\u00edaz fue reconocido en el Instituto Veracruzano del Deporte por el Encargado de Despacho, Jos\u00e9 Alberto Nava Gonz\u00e1lez. El nadador logr\u00f3 medalla de bronce, plata y oro en los pasados Juegos Paral\u00edmpicos de Tokio 2020 +1; siendo su segunda participaci\u00f3n en la m\u00e1xima justa deportiva, pero [&hellip;]<\/p>\n","protected":false},"author":1,"featured_media":18266,"comment_status":"open","ping_status":"open","sticky":false,"template":"","format":"standard","meta":{"_jetpack_memberships_contains_paid_content":false,"footnotes":""},"categories":[2],"tags":[],"class_list":["post-18265","post","type-post","status-publish","format-standard","has-post-thumbnail","hentry","category-estado"],"jetpack_featured_media_url":"https:\/\/encuentroinformativo.com.mx\/wp-content\/uploads\/2021\/09\/DAD2EC7B-4842-4905-9A2D-57B318549CC6.jpeg","jetpack_sharing_enabled":true,"jetpack_likes_enabled":true,"amp_enabled":true,"_links":{"self":[{"href":"https:\/\/encuentroinformativo.com.mx\/index.php?rest_route=\/wp\/v2\/posts\/18265","targetHints":{"allow":["GET"]}}],"collection":[{"href":"https:\/\/encuentroinformativo.com.mx\/index.php?rest_route=\/wp\/v2\/posts"}],"about":[{"href":"https:\/\/encuentroinformativo.com.mx\/index.php?rest_route=\/wp\/v2\/types\/post"}],"author":[{"embeddable":true,"href":"https:\/\/encuentroinformativo.com.mx\/index.php?rest_route=\/wp\/v2\/users\/1"}],"replies":[{"embeddable":true,"href":"https:\/\/encuentroinformativo.com.mx\/index.php?rest_route=%2Fwp%2Fv2%2Fcomments&post=18265"}],"version-history":[{"count":1,"href":"https:\/\/encuentroinformativo.com.mx\/index.php?rest_route=\/wp\/v2\/posts\/18265\/revisions"}],"predecessor-version":[{"id":18268,"href":"https:\/\/encuentroinformativo.com.mx\/index.php?rest_route=\/wp\/v2\/posts\/18265\/revisions\/18268"}],"wp:featuredmedia":[{"embeddable":true,"href":"https:\/\/encuentroinformativo.com.mx\/index.php?rest_route=\/wp\/v2\/media\/18266"}],"wp:attachment":[{"href":"https:\/\/encuentroinformativo.com.mx\/index.php?rest_route=%2Fwp%2Fv2%2Fmedia&parent=18265"}],"wp:term":[{"taxonomy":"category","embeddable":true,"href":"https:\/\/encuentroinformativo.com.mx\/index.php?rest_route=%2Fwp%2Fv2%2Fcategories&post=18265"},{"taxonomy":"post_tag","embeddable":true,"href":"https:\/\/encuentroinformativo.com.mx\/index.php?rest_route=%2Fwp%2Fv2%2Ftags&post=18265"}],"curies":[{"name":"wp","href":"https:\/\/api.w.org\/{rel}","templated":true}]}}