{"id":18274,"date":"2021-09-10T13:38:32","date_gmt":"2021-09-10T18:38:32","guid":{"rendered":"https:\/\/encuentroinformativo.com.mx\/?p=18274"},"modified":"2021-09-10T13:38:36","modified_gmt":"2021-09-10T18:38:36","slug":"detienen-policias-a-conductor-solitario-habria-incurrido-en-agresion","status":"publish","type":"post","link":"https:\/\/encuentroinformativo.com.mx\/?p=18274","title":{"rendered":"Detienen polic\u00edas a conductor solitario; habr\u00eda incurrido en agresi\u00f3n"},"content":{"rendered":"\n<p><strong>Juan Arcos<\/strong><\/p>\n\n\n\n<p>Xalapa, Ver.- Decenas de polic\u00edas estatales y municipales desplegaron un operativo en pleno centro de Xalapa y detuvieron al conductor de una camioneta sobre la calle Juan de la Luz Enr\u00edquez, esquina Leandro Valle, a un costado de Palacio de Gobierno.<\/p>\n\n\n\n<p>La intensa movilizaci\u00f3n policiaca ocurri\u00f3 poco antes de las diez de la ma\u00f1ana, a una cuadra de la Torre de la Secretar\u00eda de Seguridad P\u00fablica (SSP).<\/p>\n\n\n\n<p>Trascendi\u00f3 que el var\u00f3n fue arrestado, debido a que cuadras antes hab\u00eda amenazado con arma de fuego a agentes de la Direcci\u00f3n General de Tr\u00e1nsito y Seguridad Vial.<\/p>\n\n\n\n<p>Tambi\u00e9n circul\u00f3 la versi\u00f3n de que la camioneta Chevrolet-Suburban, color vino, de modelo antiguo, ten\u00eda reporte de robo y carec\u00eda de placas de circulaci\u00f3n. Adem\u00e1s, de que el sujeto conduc\u00eda de manera sospechosa.<\/p>\n\n\n\n<p>Los servidores p\u00fablicos le cerraron el paso, lo bajaron de su unidad, lo esposaron y posteriormente lo trasladaron a los separos del cuartel \u201cHeriberto Jara Corona\u201d, mejor conocido como San Jos\u00e9.<\/p>\n\n\n\n<p>La Fiscal\u00eda General del Estado (FGE) podr\u00eda iniciar las diligencias por los se\u00f1alamientos mencionados en su contra.<\/p>\n\n\n\n<p>Hasta el momento, la Secretar\u00eda de Seguridad P\u00fablica no ha informado nada al respecto sobre los motivos de la detenci\u00f3n.<\/p>\n\n\n\n<figure class=\"wp-block-image size-large\"><img loading=\"lazy\" decoding=\"async\" width=\"1024\" height=\"768\" src=\"https:\/\/encuentroinformativo.com.mx\/wp-content\/uploads\/2021\/09\/99D51598-20CB-4CFB-AF4E-5BA09E0D749A-1024x768.jpeg\" alt=\"\" class=\"wp-image-18276\" srcset=\"https:\/\/encuentroinformativo.com.mx\/wp-content\/uploads\/2021\/09\/99D51598-20CB-4CFB-AF4E-5BA09E0D749A-1024x768.jpeg 1024w, https:\/\/encuentroinformativo.com.mx\/wp-content\/uploads\/2021\/09\/99D51598-20CB-4CFB-AF4E-5BA09E0D749A-300x225.jpeg 300w, https:\/\/encuentroinformativo.com.mx\/wp-content\/uploads\/2021\/09\/99D51598-20CB-4CFB-AF4E-5BA09E0D749A-768x576.jpeg 768w, https:\/\/encuentroinformativo.com.mx\/wp-content\/uploads\/2021\/09\/99D51598-20CB-4CFB-AF4E-5BA09E0D749A-1536x1152.jpeg 1536w, https:\/\/encuentroinformativo.com.mx\/wp-content\/uploads\/2021\/09\/99D51598-20CB-4CFB-AF4E-5BA09E0D749A.jpeg 1600w\" sizes=\"auto, (max-width: 1024px) 100vw, 1024px\" \/><\/figure>\n","protected":false},"excerpt":{"rendered":"<p>Juan Arcos Xalapa, Ver.- Decenas de polic\u00edas estatales y municipales desplegaron un operativo en pleno centro de Xalapa y detuvieron al conductor de una camioneta sobre la calle Juan de la Luz Enr\u00edquez, esquina Leandro Valle, a un costado de Palacio de Gobierno. La intensa movilizaci\u00f3n policiaca ocurri\u00f3 poco antes de las diez de la [&hellip;]<\/p>\n","protected":false},"author":1,"featured_media":18275,"comment_status":"open","ping_status":"open","sticky":false,"template":"","format":"standard","meta":{"_jetpack_memberships_contains_paid_content":false,"footnotes":""},"categories":[14],"tags":[],"class_list":["post-18274","post","type-post","status-publish","format-standard","has-post-thumbnail","hentry","category-policiaca"],"jetpack_featured_media_url":"https:\/\/encuentroinformativo.com.mx\/wp-content\/uploads\/2021\/09\/320F4087-2574-4CBF-BE49-B37B785D2138.jpeg","jetpack_sharing_enabled":true,"jetpack_likes_enabled":true,"amp_enabled":true,"_links":{"self":[{"href":"https:\/\/encuentroinformativo.com.mx\/index.php?rest_route=\/wp\/v2\/posts\/18274","targetHints":{"allow":["GET"]}}],"collection":[{"href":"https:\/\/encuentroinformativo.com.mx\/index.php?rest_route=\/wp\/v2\/posts"}],"about":[{"href":"https:\/\/encuentroinformativo.com.mx\/index.php?rest_route=\/wp\/v2\/types\/post"}],"author":[{"embeddable":true,"href":"https:\/\/encuentroinformativo.com.mx\/index.php?rest_route=\/wp\/v2\/users\/1"}],"replies":[{"embeddable":true,"href":"https:\/\/encuentroinformativo.com.mx\/index.php?rest_route=%2Fwp%2Fv2%2Fcomments&post=18274"}],"version-history":[{"count":1,"href":"https:\/\/encuentroinformativo.com.mx\/index.php?rest_route=\/wp\/v2\/posts\/18274\/revisions"}],"predecessor-version":[{"id":18277,"href":"https:\/\/encuentroinformativo.com.mx\/index.php?rest_route=\/wp\/v2\/posts\/18274\/revisions\/18277"}],"wp:featuredmedia":[{"embeddable":true,"href":"https:\/\/encuentroinformativo.com.mx\/index.php?rest_route=\/wp\/v2\/media\/18275"}],"wp:attachment":[{"href":"https:\/\/encuentroinformativo.com.mx\/index.php?rest_route=%2Fwp%2Fv2%2Fmedia&parent=18274"}],"wp:term":[{"taxonomy":"category","embeddable":true,"href":"https:\/\/encuentroinformativo.com.mx\/index.php?rest_route=%2Fwp%2Fv2%2Fcategories&post=18274"},{"taxonomy":"post_tag","embeddable":true,"href":"https:\/\/encuentroinformativo.com.mx\/index.php?rest_route=%2Fwp%2Fv2%2Ftags&post=18274"}],"curies":[{"name":"wp","href":"https:\/\/api.w.org\/{rel}","templated":true}]}}