{"id":18282,"date":"2021-09-10T16:16:28","date_gmt":"2021-09-10T21:16:28","guid":{"rendered":"https:\/\/encuentroinformativo.com.mx\/?p=18282"},"modified":"2021-09-10T16:16:30","modified_gmt":"2021-09-10T21:16:30","slug":"muere-familia-en-choque-con-trailer","status":"publish","type":"post","link":"https:\/\/encuentroinformativo.com.mx\/?p=18282","title":{"rendered":"Muere familia en choque con tr\u00e1iler"},"content":{"rendered":"\n<p><strong>Juan Arcos<\/strong> <\/p>\n\n\n\n<p>Xalapa, Ver.- Un ni\u00f1o, de cuatro a\u00f1os, y sus padres murieron en un aparatoso accidente registrado sobre la carretera federal autopista Poza Rica- Cardel, a la altura del municipio de Tihuatl\u00e1n, en la zona norte del estado de Veracruz.<\/p>\n\n\n\n<p>La familia circulaba en un veh\u00edculo Volkswagen-Pointer, color rojo quemado, que se impact\u00f3 de frente contra un tr\u00e1iler, ocasionando una muerte espont\u00e1nea a las tres personas.<\/p>\n\n\n\n<p>Los hechos ocurrieron la ma\u00f1ana de este viernes 10 de septiembre sobre el kil\u00f3metro 198, en el tramo carretero Pital Mozutla-Totomoxtle.<\/p>\n\n\n\n<p>De acuerdo con testigos, el tr\u00e1gico accidente ocurri\u00f3 cuando el conductor del autom\u00f3vil se incorpor\u00f3 al carril contrario para intentar rebasar.<\/p>\n\n\n\n<p>Sin embargo, el veh\u00edculo de carga pesada no pudo evadir el impacto, debido a la velocidad en que viajaba y a que se trata de una angosta autopista, con solo un carril en ambos sentidos.<\/p>\n\n\n\n<p>Cabe destacar que el chofer del tr\u00e1iler intent\u00f3 darse a la fuga pero no fue posible, debido al arribo de elementos de la Guardia Nacional (GN), quienes acordonaron la zona.<\/p>\n\n\n\n<p>Al sitio tambi\u00e9n acudi\u00f3 personal de la Direcci\u00f3n General de Servicios Periciales para el levantamiento de los cuerpos y su traslado al Servicio M\u00e9dico Forense (Semefo) del municipio de Tihuatl\u00e1n.<\/p>\n\n\n\n<p>Elementos de la Polic\u00eda Ministerial iniciaron las diligencias correspondientes para determinar la causa del accidente y, posteriormente, que se deslinden responsabilidades.<\/p>\n\n\n\n<figure class=\"wp-block-image size-large\"><img loading=\"lazy\" decoding=\"async\" width=\"960\" height=\"720\" src=\"https:\/\/encuentroinformativo.com.mx\/wp-content\/uploads\/2021\/09\/FDBF86C2-4537-481F-9F16-9D50640005A0.jpeg\" alt=\"\" class=\"wp-image-18284\" srcset=\"https:\/\/encuentroinformativo.com.mx\/wp-content\/uploads\/2021\/09\/FDBF86C2-4537-481F-9F16-9D50640005A0.jpeg 960w, https:\/\/encuentroinformativo.com.mx\/wp-content\/uploads\/2021\/09\/FDBF86C2-4537-481F-9F16-9D50640005A0-300x225.jpeg 300w, https:\/\/encuentroinformativo.com.mx\/wp-content\/uploads\/2021\/09\/FDBF86C2-4537-481F-9F16-9D50640005A0-768x576.jpeg 768w\" sizes=\"auto, (max-width: 960px) 100vw, 960px\" \/><\/figure>\n","protected":false},"excerpt":{"rendered":"<p>Juan Arcos Xalapa, Ver.- Un ni\u00f1o, de cuatro a\u00f1os, y sus padres murieron en un aparatoso accidente registrado sobre la carretera federal autopista Poza Rica- Cardel, a la altura del municipio de Tihuatl\u00e1n, en la zona norte del estado de Veracruz. La familia circulaba en un veh\u00edculo Volkswagen-Pointer, color rojo quemado, que se impact\u00f3 de [&hellip;]<\/p>\n","protected":false},"author":1,"featured_media":18283,"comment_status":"open","ping_status":"open","sticky":false,"template":"","format":"standard","meta":{"_jetpack_memberships_contains_paid_content":false,"footnotes":""},"categories":[2],"tags":[],"class_list":["post-18282","post","type-post","status-publish","format-standard","has-post-thumbnail","hentry","category-estado"],"jetpack_featured_media_url":"https:\/\/encuentroinformativo.com.mx\/wp-content\/uploads\/2021\/09\/43F64990-AEDA-4183-B884-BFB7BDF3782A.jpeg","jetpack_sharing_enabled":true,"jetpack_likes_enabled":true,"amp_enabled":true,"_links":{"self":[{"href":"https:\/\/encuentroinformativo.com.mx\/index.php?rest_route=\/wp\/v2\/posts\/18282","targetHints":{"allow":["GET"]}}],"collection":[{"href":"https:\/\/encuentroinformativo.com.mx\/index.php?rest_route=\/wp\/v2\/posts"}],"about":[{"href":"https:\/\/encuentroinformativo.com.mx\/index.php?rest_route=\/wp\/v2\/types\/post"}],"author":[{"embeddable":true,"href":"https:\/\/encuentroinformativo.com.mx\/index.php?rest_route=\/wp\/v2\/users\/1"}],"replies":[{"embeddable":true,"href":"https:\/\/encuentroinformativo.com.mx\/index.php?rest_route=%2Fwp%2Fv2%2Fcomments&post=18282"}],"version-history":[{"count":1,"href":"https:\/\/encuentroinformativo.com.mx\/index.php?rest_route=\/wp\/v2\/posts\/18282\/revisions"}],"predecessor-version":[{"id":18285,"href":"https:\/\/encuentroinformativo.com.mx\/index.php?rest_route=\/wp\/v2\/posts\/18282\/revisions\/18285"}],"wp:featuredmedia":[{"embeddable":true,"href":"https:\/\/encuentroinformativo.com.mx\/index.php?rest_route=\/wp\/v2\/media\/18283"}],"wp:attachment":[{"href":"https:\/\/encuentroinformativo.com.mx\/index.php?rest_route=%2Fwp%2Fv2%2Fmedia&parent=18282"}],"wp:term":[{"taxonomy":"category","embeddable":true,"href":"https:\/\/encuentroinformativo.com.mx\/index.php?rest_route=%2Fwp%2Fv2%2Fcategories&post=18282"},{"taxonomy":"post_tag","embeddable":true,"href":"https:\/\/encuentroinformativo.com.mx\/index.php?rest_route=%2Fwp%2Fv2%2Ftags&post=18282"}],"curies":[{"name":"wp","href":"https:\/\/api.w.org\/{rel}","templated":true}]}}