{"id":18293,"date":"2021-09-11T09:38:15","date_gmt":"2021-09-11T14:38:15","guid":{"rendered":"https:\/\/encuentroinformativo.com.mx\/?p=18293"},"modified":"2021-09-11T01:43:48","modified_gmt":"2021-09-11T06:43:48","slug":"registran-robos-en-cementerio-de-coatepec","status":"publish","type":"post","link":"https:\/\/encuentroinformativo.com.mx\/?p=18293","title":{"rendered":"Registran robos en cementerio de Coatepec"},"content":{"rendered":"\n<p><strong>Juan Arcos<\/strong> <\/p>\n\n\n\n<p>Coatepec, Ver.- En los \u00faltimos dos a\u00f1os se contabilizaron m\u00e1s de 30 robos al interior del Pante\u00f3n Municipal de Coatepec, ubicado sobre la prolongaci\u00f3n Cuauht\u00e9moc.<\/p>\n\n\n\n<p>El encargado del cementerio, Eugenio Mart\u00ednez Ledo, revel\u00f3 que en su oficina se recibi\u00f3 dicha cantidad de quejas en el tiempo que ha permanecido en dicho cargo.<\/p>\n\n\n\n<p>El entrevistado record\u00f3 que los ladrones se hab\u00edan estado robando las puertas, ventanas, barandales y todas las placas o cruces de cobre que hab\u00eda en las tumbas.<\/p>\n\n\n\n<p>\u201cLas placas de cobre se las acabaron totalmente, ya tiene rato que se acabaron las cruces de bronce, pero ya par\u00f3. Las placas que eran de bronce se acabaron, se las llevaron todas\u201d.<\/p>\n\n\n\n<p>Adem\u00e1s, coment\u00f3 que en los \u00faltimos meses ha bajado la incidencia delictiva en la zona, debido a que el a\u00f1o pasado fue identificado uno persona que hab\u00eda hurtado en el sitio y fue consignada ante las autoridades.<\/p>\n\n\n\n<p>\u201cAfortunadamente aqu\u00ed en el pante\u00f3n baj\u00f3, el a\u00f1o pasado detuvimos a un muchacho y obviamente se ciscaron los dem\u00e1s y par\u00f3. Se le avis\u00f3 a la muchacha que compra fierro viejo, se le avis\u00f3 a los otros dos muchachos de los otros dos locales y se dejaron de perder cosas\u201d.<\/p>\n\n\n\n<p>Los propietarios de las criptas han presentado denuncias en la Fiscal\u00eda General del Estado (FGE) por los robos que ocurrieron en el pante\u00f3n del Pueblo M\u00e1gico.<\/p>\n\n\n\n<p>\u201cHay denuncias tambi\u00e9n en el ayuntamiento por parte de los propietarios, aqu\u00ed en la oficina fueron bastantes los reclamos que hubo, fueron como unas 30 quejas\u201d, enfatiz\u00f3.<\/p>\n\n\n\n<p>De manera reciente, se denunci\u00f3 que en el pante\u00f3n de Tuzamapan sujetos desconocidos aprovecharon los trabajos que se llevan a cabo para la ampliaci\u00f3n del camposanto y as\u00ed robar material para construcci\u00f3n, agua y hasta las macetas que adornaban el Monumento de la Cruz Blanca.<\/p>\n","protected":false},"excerpt":{"rendered":"<p>Juan Arcos Coatepec, Ver.- En los \u00faltimos dos a\u00f1os se contabilizaron m\u00e1s de 30 robos al interior del Pante\u00f3n Municipal de Coatepec, ubicado sobre la prolongaci\u00f3n Cuauht\u00e9moc. El encargado del cementerio, Eugenio Mart\u00ednez Ledo, revel\u00f3 que en su oficina se recibi\u00f3 dicha cantidad de quejas en el tiempo que ha permanecido en dicho cargo. El [&hellip;]<\/p>\n","protected":false},"author":1,"featured_media":18294,"comment_status":"open","ping_status":"open","sticky":false,"template":"","format":"standard","meta":{"_jetpack_memberships_contains_paid_content":false,"footnotes":""},"categories":[8],"tags":[],"class_list":["post-18293","post","type-post","status-publish","format-standard","has-post-thumbnail","hentry","category-region"],"jetpack_featured_media_url":"https:\/\/encuentroinformativo.com.mx\/wp-content\/uploads\/2021\/09\/ACA3BD45-DAB3-4799-8407-EBBB95B00EDD.jpeg","jetpack_sharing_enabled":true,"jetpack_likes_enabled":true,"amp_enabled":true,"_links":{"self":[{"href":"https:\/\/encuentroinformativo.com.mx\/index.php?rest_route=\/wp\/v2\/posts\/18293","targetHints":{"allow":["GET"]}}],"collection":[{"href":"https:\/\/encuentroinformativo.com.mx\/index.php?rest_route=\/wp\/v2\/posts"}],"about":[{"href":"https:\/\/encuentroinformativo.com.mx\/index.php?rest_route=\/wp\/v2\/types\/post"}],"author":[{"embeddable":true,"href":"https:\/\/encuentroinformativo.com.mx\/index.php?rest_route=\/wp\/v2\/users\/1"}],"replies":[{"embeddable":true,"href":"https:\/\/encuentroinformativo.com.mx\/index.php?rest_route=%2Fwp%2Fv2%2Fcomments&post=18293"}],"version-history":[{"count":1,"href":"https:\/\/encuentroinformativo.com.mx\/index.php?rest_route=\/wp\/v2\/posts\/18293\/revisions"}],"predecessor-version":[{"id":18295,"href":"https:\/\/encuentroinformativo.com.mx\/index.php?rest_route=\/wp\/v2\/posts\/18293\/revisions\/18295"}],"wp:featuredmedia":[{"embeddable":true,"href":"https:\/\/encuentroinformativo.com.mx\/index.php?rest_route=\/wp\/v2\/media\/18294"}],"wp:attachment":[{"href":"https:\/\/encuentroinformativo.com.mx\/index.php?rest_route=%2Fwp%2Fv2%2Fmedia&parent=18293"}],"wp:term":[{"taxonomy":"category","embeddable":true,"href":"https:\/\/encuentroinformativo.com.mx\/index.php?rest_route=%2Fwp%2Fv2%2Fcategories&post=18293"},{"taxonomy":"post_tag","embeddable":true,"href":"https:\/\/encuentroinformativo.com.mx\/index.php?rest_route=%2Fwp%2Fv2%2Ftags&post=18293"}],"curies":[{"name":"wp","href":"https:\/\/api.w.org\/{rel}","templated":true}]}}